{"id":413188,"date":"2025-09-24T00:42:16","date_gmt":"2025-09-24T00:42:16","guid":{"rendered":"https:\/\/www.europesays.com\/fr\/413188\/"},"modified":"2025-09-24T00:42:16","modified_gmt":"2025-09-24T00:42:16","slug":"il-a-fallu-quon-la-ceinture-une-femme-qui-menacait-de-se-jeter-du-toit-du-printemps-sauvee-par-les-pompiers","status":"publish","type":"post","link":"https:\/\/www.europesays.com\/fr\/413188\/","title":{"rendered":"\u00ab\u00a0Il a fallu qu\u2019on la ceinture\u00a0\u00bb\u00a0: une femme qui mena\u00e7ait de se jeter du toit du Printemps sauv\u00e9e par les pompiers"},"content":{"rendered":"<p class=\"paragraph text_align_left lp-f-body-02\">C\u2019est une op\u00e9ration de secours dont ces professionnels se souviendront probablement. Ce mardi, en fin de journ\u00e9e, boulevard Haussmann (IXe), tous les regards \u00e9taient tourn\u00e9s vers le toit du c\u00e9l\u00e8bre <a href=\"https:\/\/www.leparisien.fr\/paris-75\/le-printemps-haussmann-retrouve-son-escalier-monumental-art-deco-il-semble-flotter-dans-les-airs-31-05-2023-KF7BEJ2FLRBQLNLRURABU3K4MI.php\" target=\"_self\" rel=\"nofollow noopener\">grand magasin Le Printemps<\/a>. Une femme \u2013 \u00e2g\u00e9e d\u2019une trentaine d\u2019ann\u00e9es selon certaines sources \u2013 est parvenue \u00e0 monter sur le toit du majestueux b\u00e2timent, avec la ferme intention de mettre fin \u00e0 ses jours.<\/p>\n<p class=\"paragraph text_align_left lp-f-body-02\">Alert\u00e9s, les pompiers en civil, salari\u00e9s de la galerie commerciale ont \u00e9t\u00e9 les premiers \u00e0 intervenir pour tenter de raisonner la jeune femme, alors qu\u2019une foule avait commenc\u00e9 \u00e0 se former au pied du b\u00e2timent. Un p\u00e9rim\u00e8tre de s\u00e9curit\u00e9 a \u00e9t\u00e9 mis en place autour de l\u2019immeuble.<\/p>\n<p>Quatre engins d\u00e9p\u00each\u00e9s sur place<\/p>\n<p class=\"paragraph text_align_left lp-f-body-02\">\u00ab Dans ce genre de situation, la plupart du temps, \u00e7a se joue \u00e0 la n\u00e9gociation, explique la communication de la brigade des sapeurs-pompiers de Paris. L\u00e0, il a fallu qu\u2019on intervienne pour la ceinturer. \u00bb Au total, quatre engins ont \u00e9t\u00e9 d\u00e9p\u00each\u00e9s sur place et une quinzaine de pompiers ont \u00e9t\u00e9 mobilis\u00e9s par la brigade des sapeurs-pompiers de Paris.<\/p>\n<p class=\"paragraph text_align_left lp-f-body-02\">Une fois mise en s\u00e9curit\u00e9, la jeune femme a \u00e9t\u00e9 transport\u00e9e en milieu hospitalier.<\/p>\n<p class=\"paragraph text_align_left lp-f-body-02\">Le Printemps a d\u00e9j\u00e0 connu ce type d\u2019incident, parfois avec une issue tragique. En 2017, u<a href=\"https:\/\/www.leparisien.fr\/paris-75\/paris-75009\/apres-le-suicide-d-un-client-le-printemps-de-l-homme-rouvre-ses-portes-17-02-2017-6688803.php\" target=\"_self\" rel=\"nofollow noopener\">n homme s\u2019\u00e9tait jet\u00e9 du 8e \u00e9tage<\/a>, du haut des escalators, \u00e0 l\u2019int\u00e9rieur du magasin. Ag\u00e9 de 69 ans, il n\u2019avait pas surv\u00e9cu \u00e0 ses blessures.<\/p>\n","protected":false},"excerpt":{"rendered":"C\u2019est une op\u00e9ration de secours dont ces professionnels se souviendront probablement. Ce mardi, en fin de journ\u00e9e, boulevard&hellip;\n","protected":false},"author":2,"featured_media":413189,"comment_status":"","ping_status":"","sticky":false,"template":"","format":"standard","meta":{"footnotes":""},"categories":[1888],"tags":[11,1777,674,118,1011,27,1944,12,626,25],"class_list":{"0":"post-413188","1":"post","2":"type-post","3":"status-publish","4":"format-standard","5":"has-post-thumbnail","7":"category-paris","8":"tag-actualites","9":"tag-eu","10":"tag-europe","11":"tag-faits-divers","12":"tag-fr","13":"tag-france","14":"tag-ma-ville","15":"tag-news","16":"tag-paris","17":"tag-republique-francaise"},"share_on_mastodon":{"url":"https:\/\/pubeurope.com\/@fr\/115256501488892026","error":""},"_links":{"self":[{"href":"https:\/\/www.europesays.com\/fr\/wp-json\/wp\/v2\/posts\/413188","targetHints":{"allow":["GET"]}}],"collection":[{"href":"https:\/\/www.europesays.com\/fr\/wp-json\/wp\/v2\/posts"}],"about":[{"href":"https:\/\/www.europesays.com\/fr\/wp-json\/wp\/v2\/types\/post"}],"author":[{"embeddable":true,"href":"https:\/\/www.europesays.com\/fr\/wp-json\/wp\/v2\/users\/2"}],"replies":[{"embeddable":true,"href":"https:\/\/www.europesays.com\/fr\/wp-json\/wp\/v2\/comments?post=413188"}],"version-history":[{"count":0,"href":"https:\/\/www.europesays.com\/fr\/wp-json\/wp\/v2\/posts\/413188\/revisions"}],"wp:featuredmedia":[{"embeddable":true,"href":"https:\/\/www.europesays.com\/fr\/wp-json\/wp\/v2\/media\/413189"}],"wp:attachment":[{"href":"https:\/\/www.europesays.com\/fr\/wp-json\/wp\/v2\/media?parent=413188"}],"wp:term":[{"taxonomy":"category","embeddable":true,"href":"https:\/\/www.europesays.com\/fr\/wp-json\/wp\/v2\/categories?post=413188"},{"taxonomy":"post_tag","embeddable":true,"href":"https:\/\/www.europesays.com\/fr\/wp-json\/wp\/v2\/tags?post=413188"}],"curies":[{"name":"wp","href":"https:\/\/api.w.org\/{rel}","templated":true}]}}