{"id":413214,"date":"2025-09-24T00:59:16","date_gmt":"2025-09-24T00:59:16","guid":{"rendered":"https:\/\/www.europesays.com\/fr\/413214\/"},"modified":"2025-09-24T00:59:16","modified_gmt":"2025-09-24T00:59:16","slug":"guardiola-hakimi-grand-changement-au-psg-linjustice-est-totale","status":"publish","type":"post","link":"https:\/\/www.europesays.com\/fr\/413214\/","title":{"rendered":"Guardiola &#8211; Hakimi : Grand changement au PSG, l&rsquo;injustice est totale !"},"content":{"rendered":"<p>                    Arthur Montagne<br \/>\n                        &#8211;<\/p>\n<p>Journaliste<\/p>\n<p>Affam\u00e9 de sport, il a grandi au son des moteurs de Formule 1 et des exploits de Ronaldinho. Aujourd\u2019hui, diplom\u00e9 d&rsquo;un Master de journalisme de sport, il ne rate plus un Grand Prix de F1 ni un match du PSG, ses deux passions et sp\u00e9cialit\u00e9s<\/p>\n<p class=\"heading\">Bien que le PSG ait r\u00e9ussi l&rsquo;exploit de placer 5 joueurs dans le Top 10 du Ballon d&rsquo;Or, la position d&rsquo;Achraf Hakimi, seulement sixi\u00e8me, interpelle. Vincent Duluc, journaliste de L&rsquo;EQUIPE, d\u00e9nonce m\u00eame une grosse injustice avec les joueurs \u00e0 vocation d\u00e9fensive, tout en analysant la fa\u00e7on dont le poste de lat\u00e9ral a \u00e9volu\u00e9 sous l&rsquo;impulsion de Pep Guardiola.<\/p>\n<p>Auteur d&rsquo;une saison impressionnante dans un r\u00f4le qui lui offre une totale libert\u00e9 au <strong>PSG<\/strong>, <a href=\"https:\/\/le10sport.com\/football\/ligue1\/psg\/hakimi-psg-le-tacle-sur-les-reseaux-sociaux-758847\" target=\"_blank\" rel=\"noopener\">Achraf Hakimi<\/a> \u00e9tait vu par certains comme un <strong>Ballon d&rsquo;Or<\/strong> en puissance. Et pourtant, il n&rsquo;a termin\u00e9 que sixi\u00e8me derri\u00e8re <strong>Ousmane Demb\u00e9l\u00e9<\/strong>, <strong>Lamine Yamal<\/strong>, <strong>Vitinha<\/strong>, <strong>Mohamed Salah<\/strong> et <strong>Raphinha<\/strong>. Une injustice selon le journaliste de L&rsquo;EQUIPE <strong>Vincent Duluc<\/strong> qui rappelle \u00e9galement que les lat\u00e9raux b\u00e9n\u00e9ficient de plus de libert\u00e9 offensive gr\u00e2ce \u00e0 <strong>Pep Guardiola<\/strong>.<\/p>\n<p>                                            \u00abS\u2019agissant d\u2019Hakimi, il y a une double injustice\u00bb<\/p>\n<p>\u00ab S\u2019agissant d\u2019Hakimi, il y a une double injustice. Elle s\u2019attache \u00e0 lui-m\u00eame, mais aussi aux d\u00e9fenseurs en g\u00e9n\u00e9ral. Pour lui-m\u00eame, ce classement ne refl\u00e8te pas du tout la qualit\u00e9 de sa saison, ni ce qu\u2019il a apport\u00e9 au jeu du Paris Saint-Germain par la transformation de son r\u00f4le d\u2019arri\u00e8re droit. Pendant des g\u00e9n\u00e9rations, les lat\u00e9raux d\u00e9bordaient dans les couloirs. Depuis que Guardiola les a recentr\u00e9s, ils peuvent impulser autre chose, et les positions int\u00e9rieures d\u2019Hakimi ont vraiment chang\u00e9 beaucoup de choses au PSG. Il a inscrit des buts importants, il en a provoqu\u00e9, et sa r\u00e9gularit\u00e9 m\u00e9ritait vraiment beaucoup plus. Je pensais vraiment qu\u2019il serait sur le podium. Pour moi dans sa saison, il a \u00e9t\u00e9 beaucoup plus constant que Vitinha, qui est apparu au printemps, mais dans la premi\u00e8re partie de saison avait \u00e9t\u00e9 quelconque \u00bb, explique-t-il dans une session de questions-r\u00e9ponses organis\u00e9e sur le site de L&rsquo;EQUIPE. <\/p>\n<p>                                            \u00abGuardiola les a recentr\u00e9s\u00bb<\/p>\n<p>Plus globalement, <strong>Vincent Duluc<\/strong> regrette que les d\u00e9fenseurs n&rsquo;aient pas une place plus importante dans ce genre de r\u00e9compense individuelle : \u00ab La deuxi\u00e8me partie de la question, est \u00e9videmment li\u00e9e \u00e0 la place accord\u00e9e aux d\u00e9fenseurs dans ce classement. On conna\u00eet la statistique : un seul d\u00e9fenseur, qui n\u2019\u00e9tait pas le plus grand, Fabio Cannavaro, a \u00e9t\u00e9 \u00e9lu, en 2006. Le ph\u00e9nom\u00e8ne semble difficile \u00e0 inverser, mais en \u00e9lisant Rodri la saison derni\u00e8re, un milieu de terrain d\u00e9fensif, les votants du Ballon d\u2019Or ont montr\u00e9 qu\u2019ils pouvaient s\u2019attacher un peu moins \u00e0 ceux qui brillent. J\u2019esp\u00e8re que les prochaines saisons valoriseront mieux le poste de d\u00e9fenseur \u00bb.<\/p>\n","protected":false},"excerpt":{"rendered":"Arthur Montagne &#8211; Journaliste Affam\u00e9 de sport, il a grandi au son des moteurs de Formule 1 et&hellip;\n","protected":false},"author":2,"featured_media":413215,"comment_status":"","ping_status":"","sticky":false,"template":"","format":"standard","meta":{"footnotes":""},"categories":[1412],"tags":[1451,1452,1453,1454,1455,1011,27,60],"class_list":{"0":"post-413214","1":"post","2":"type-post","3":"status-publish","4":"format-standard","5":"has-post-thumbnail","7":"category-f1","8":"tag-f1","9":"tag-formula-1","10":"tag-formula1","11":"tag-formule-1","12":"tag-formule1","13":"tag-fr","14":"tag-france","15":"tag-sports"},"share_on_mastodon":{"url":"https:\/\/pubeurope.com\/@fr\/115256568408739346","error":""},"_links":{"self":[{"href":"https:\/\/www.europesays.com\/fr\/wp-json\/wp\/v2\/posts\/413214","targetHints":{"allow":["GET"]}}],"collection":[{"href":"https:\/\/www.europesays.com\/fr\/wp-json\/wp\/v2\/posts"}],"about":[{"href":"https:\/\/www.europesays.com\/fr\/wp-json\/wp\/v2\/types\/post"}],"author":[{"embeddable":true,"href":"https:\/\/www.europesays.com\/fr\/wp-json\/wp\/v2\/users\/2"}],"replies":[{"embeddable":true,"href":"https:\/\/www.europesays.com\/fr\/wp-json\/wp\/v2\/comments?post=413214"}],"version-history":[{"count":0,"href":"https:\/\/www.europesays.com\/fr\/wp-json\/wp\/v2\/posts\/413214\/revisions"}],"wp:featuredmedia":[{"embeddable":true,"href":"https:\/\/www.europesays.com\/fr\/wp-json\/wp\/v2\/media\/413215"}],"wp:attachment":[{"href":"https:\/\/www.europesays.com\/fr\/wp-json\/wp\/v2\/media?parent=413214"}],"wp:term":[{"taxonomy":"category","embeddable":true,"href":"https:\/\/www.europesays.com\/fr\/wp-json\/wp\/v2\/categories?post=413214"},{"taxonomy":"post_tag","embeddable":true,"href":"https:\/\/www.europesays.com\/fr\/wp-json\/wp\/v2\/tags?post=413214"}],"curies":[{"name":"wp","href":"https:\/\/api.w.org\/{rel}","templated":true}]}}