{"id":413224,"date":"2025-09-24T01:05:17","date_gmt":"2025-09-24T01:05:17","guid":{"rendered":"https:\/\/www.europesays.com\/fr\/413224\/"},"modified":"2025-09-24T01:05:17","modified_gmt":"2025-09-24T01:05:17","slug":"avant-premiere-familles-nombreuses-la-vie-en-xxl-du-25-septembre-2025-episode-116-partie-1-familles-nombreuses-la-vie-en-xxl","status":"publish","type":"post","link":"https:\/\/www.europesays.com\/fr\/413224\/","title":{"rendered":"Avant-premi\u00e8re &#8211; Familles nombreuses : la vie en XXL du 25 septembre 2025 &#8211; Episode 116 (Partie 1) &#8211; Familles nombreuses : la vie en XXL"},"content":{"rendered":"<p id=\"descriptionPanel\" class=\"text-secondary mr-2 line-clamp-2 pr-2.5 overflow-visible\">C&rsquo;est le grand jour pour les quadrupl\u00e9s Bambara ! C&rsquo;est la rentr\u00e9e scolaire au CP, dans des \u00e9coles diff\u00e9rentes. Sur la plage, Tiffanie fait attention \u00e0 couvrir son ventre car elle veut attendre 3 mois de grossesse pour le dire aux enfants. Demain, c&rsquo;est le jour de l&rsquo;op\u00e9ration pour Fanny Lecossais. Thomas fait le point avec les filles pour organiser le planning. Du c\u00f4t\u00e9 de la famille Perside, c&rsquo;est mission tarte aux myrtilles. Et toujours avec des produits locaux ! Familles nombreuses : la vie en XXL. Saison 09 \u00c9pisode 116 partie 1<\/p>\n<p>Afficher la version longue du r\u00e9sum\u00e9<a class=\"shrink-0\" href=\"https:\/\/www.tf1.fr\/tf1\/les-familles-nombreuses-la-vie-en-xxl\" target=\"_blank\" rel=\"noopener\"><img decoding=\"async\" src=\"https:\/\/www.europesays.com\/fr\/wp-content\/uploads\/2025\/09\/program-card-portrait-1-famille-nguyen-9acc08-1507f5-0@1x.jpg\" width=\"138\" height=\"184\" alt=\"\" loading=\"eager\" fetchpriority=\"auto\" class=\"rounded-3px aspect-[3\/4] h-24 w-auto\" aria-hidden=\"true\"\/><\/a><img alt=\"Sous-Titrage T\u00e9l\u00e9texte\" loading=\"lazy\" width=\"27\" height=\"20\" decoding=\"async\" data-nimg=\"1\" style=\"color:transparent\" src=\"https:\/\/www.tf1.fr\/public\/_next\/static\/media\/sme.b8f879c0.svg\"\/><\/p>\n<p>27m<\/p>\n<p>25 sept. 2025 \u00e0 17:33<\/p>\n","protected":false},"excerpt":{"rendered":"C&rsquo;est le grand jour pour les quadrupl\u00e9s Bambara ! C&rsquo;est la rentr\u00e9e scolaire au CP, dans des \u00e9coles&hellip;\n","protected":false},"author":2,"featured_media":413225,"comment_status":"","ping_status":"","sticky":false,"template":"","format":"standard","meta":{"footnotes":""},"categories":[1356],"tags":[58,59,1365,21484,51365,41047,4980,21485,51366,6162,51374,51364,51371,51375,51369,51368,1011,27,6163,51370,51372,51373,252,1364,21486,51367],"class_list":{"0":"post-413224","1":"post","2":"type-post","3":"status-publish","4":"format-standard","5":"has-post-thumbnail","7":"category-television","8":"tag-divertissement","9":"tag-entertainment","10":"tag-episode","11":"tag-episode-familles-nombreuses-la-vie-en-xxl","12":"tag-episode-familles-nombreuses-la-vie-en-xxl-tf1","13":"tag-episode-tf1","14":"tag-familles-nombreuses-la-vie-en-xxl","15":"tag-familles-nombreuses-la-vie-en-xxl-episode","16":"tag-familles-nombreuses-la-vie-en-xxl-episode-tf1","17":"tag-familles-nombreuses-la-vie-en-xxl-streaming","18":"tag-familles-nombreuses-la-vie-en-xxl-streaming-gratuit","19":"tag-familles-nombreuses-la-vie-en-xxl-tf1","20":"tag-familles-nombreuses-la-vie-en-xxl-tf1-streaming","21":"tag-familles-nombreuses-la-vie-en-xxl-tf1-streaming-gratuit","22":"tag-familles-nombreuses-la-vie-en-xxl-tf1-video","23":"tag-familles-nombreuses-la-vie-en-xxl-video","24":"tag-fr","25":"tag-france","26":"tag-streaming-familles-nombreuses-la-vie-en-xxl","27":"tag-streaming-familles-nombreuses-la-vie-en-xxl-tf1","28":"tag-streaming-gratuit-familles-nombreuses-la-vie-en-xxl","29":"tag-streaming-gratuit-familles-nombreuses-la-vie-en-xxl-tf1","30":"tag-television","31":"tag-tv","32":"tag-video-familles-nombreuses-la-vie-en-xxl","33":"tag-video-familles-nombreuses-la-vie-en-xxl-tf1"},"share_on_mastodon":{"url":"","error":"Validation failed: Text character limit of 500 exceeded"},"_links":{"self":[{"href":"https:\/\/www.europesays.com\/fr\/wp-json\/wp\/v2\/posts\/413224","targetHints":{"allow":["GET"]}}],"collection":[{"href":"https:\/\/www.europesays.com\/fr\/wp-json\/wp\/v2\/posts"}],"about":[{"href":"https:\/\/www.europesays.com\/fr\/wp-json\/wp\/v2\/types\/post"}],"author":[{"embeddable":true,"href":"https:\/\/www.europesays.com\/fr\/wp-json\/wp\/v2\/users\/2"}],"replies":[{"embeddable":true,"href":"https:\/\/www.europesays.com\/fr\/wp-json\/wp\/v2\/comments?post=413224"}],"version-history":[{"count":0,"href":"https:\/\/www.europesays.com\/fr\/wp-json\/wp\/v2\/posts\/413224\/revisions"}],"wp:featuredmedia":[{"embeddable":true,"href":"https:\/\/www.europesays.com\/fr\/wp-json\/wp\/v2\/media\/413225"}],"wp:attachment":[{"href":"https:\/\/www.europesays.com\/fr\/wp-json\/wp\/v2\/media?parent=413224"}],"wp:term":[{"taxonomy":"category","embeddable":true,"href":"https:\/\/www.europesays.com\/fr\/wp-json\/wp\/v2\/categories?post=413224"},{"taxonomy":"post_tag","embeddable":true,"href":"https:\/\/www.europesays.com\/fr\/wp-json\/wp\/v2\/tags?post=413224"}],"curies":[{"name":"wp","href":"https:\/\/api.w.org\/{rel}","templated":true}]}}