{"id":413230,"date":"2025-09-24T01:09:11","date_gmt":"2025-09-24T01:09:11","guid":{"rendered":"https:\/\/www.europesays.com\/fr\/413230\/"},"modified":"2025-09-24T01:09:11","modified_gmt":"2025-09-24T01:09:11","slug":"lhopital-de-vernon-soigne-la-prostate-grace-a-de-la-vapeur-deau","status":"publish","type":"post","link":"https:\/\/www.europesays.com\/fr\/413230\/","title":{"rendered":"L\u2019h\u00f4pital de Vernon soigne la prostate gr\u00e2ce \u00e0 de la vapeur d\u2019eau"},"content":{"rendered":"<p>Voici une nouvelle machine qui pourrait changer la vie de nombreux hommes. \u00c0 Vernon (<a href=\"https:\/\/www.20minutes.fr\/dossier\/eure\" class=\"c-link c-link--is-underlined\" rel=\"nofollow noopener\" target=\"_blank\">Eure<\/a>), l\u2019h\u00f4pital s\u2019est enfin dot\u00e9 d\u2019un appareil venu tout droit des \u00c9tats-Unis\u00a0: le R\u00e9zum. Con\u00e7u sp\u00e9cialement pour traiter l\u2019hypertrophie b\u00e9nigne de la prostate, il utilise une m\u00e9thode \u00e0 base de vapeur d\u2019eau, rapporte <a href=\"https:\/\/actu.fr\/normandie\/vernon_27681\/dans-cet-hopital-de-leure-un-appareil-innovant-pour-soigner-la-prostate-grace-a-la-vapeur-deau_63198720.html\" target=\"_blank\" class=\"c-link c-link--is-underlined\" rel=\"nofollow noopener\">Actu.fr<\/a>. Une alternative moins invasive que les techniques traditionnelles.<\/p>\n<p>L\u2019hypertrophie b\u00e9nigne de la <a href=\"https:\/\/www.20minutes.fr\/dossier\/prostate\" class=\"c-link c-link--is-underlined\" rel=\"nofollow noopener\" target=\"_blank\">prostate<\/a> touche de nombreux hommes approchant la soixantaine et devient plus fr\u00e9quente avec l\u2019\u00e2ge. Si certains ne ressentent aucune g\u00eane, d\u2019autres voient leur quotidien perturb\u00e9 par des sympt\u00f4mes handicapants. Lorsque la prostate grossit, elle perturbe les fonctions urinaires\u00a0: difficult\u00e9s \u00e0 uriner, mictions longues, levers nocturnes fr\u00e9quents ou encore fuites urinaires. Dans les cas les plus graves, cela peut m\u00eame entra\u00eener une infection.<\/p>\n<p>Une op\u00e9ration non invasive en dix minutes<\/p>\n<p>Pour ces <a href=\"https:\/\/www.20minutes.fr\/dossier\/patients\" class=\"c-link c-link--is-underlined\" rel=\"nofollow noopener\" target=\"_blank\">patients<\/a>, l\u2019espoir de retrouver une fonction urinaire normale rena\u00eet gr\u00e2ce au R\u00e9zum. Cette machine, d\u2019une valeur de 50.000 euros, injecte de la vapeur d\u2019eau \u00e0 103 degr\u00e9s dans la prostate afin de la r\u00e9duire. L\u2019intervention dure dix minutes, n\u00e9cessite seulement une sonde urinaire la semaine suivante et demande deux \u00e0 trois mois de patience avant d\u2019en constater les r\u00e9sultats.<\/p>\n<\/p>\n<p>Jusqu\u2019ici, pour soulager ces sympt\u00f4mes, la technique consistait \u00e0 pratiquer une r\u00e9section de la prostate, c\u2019est-\u00e0-dire retirer des morceaux de prostate. Une op\u00e9ration sous anesth\u00e9sie, n\u00e9cessitant plusieurs jours d\u2019<a href=\"https:\/\/www.20minutes.fr\/dossier\/hospitalisation\" class=\"c-link c-link--is-underlined\" rel=\"nofollow noopener\" target=\"_blank\">hospitalisation<\/a> et accompagn\u00e9e d\u2019effets postop\u00e9ratoires douloureux.<\/p>\n","protected":false},"excerpt":{"rendered":"Voici une nouvelle machine qui pourrait changer la vie de nombreux hommes. \u00c0 Vernon (Eure), l\u2019h\u00f4pital s\u2019est enfin&hellip;\n","protected":false},"author":2,"featured_media":413231,"comment_status":"","ping_status":"","sticky":false,"template":"","format":"standard","meta":{"footnotes":""},"categories":[10],"tags":[47,9770,1011,27,72,100,5161,23178,71,104],"class_list":{"0":"post-413230","1":"post","2":"type-post","3":"status-publish","4":"format-standard","5":"has-post-thumbnail","7":"category-sante","8":"tag-actualite","9":"tag-eure","10":"tag-fr","11":"tag-france","12":"tag-health","13":"tag-hopital","14":"tag-normandie","15":"tag-prostate","16":"tag-sante","17":"tag-societe"},"share_on_mastodon":{"url":"https:\/\/pubeurope.com\/@fr\/115256607635629403","error":""},"_links":{"self":[{"href":"https:\/\/www.europesays.com\/fr\/wp-json\/wp\/v2\/posts\/413230","targetHints":{"allow":["GET"]}}],"collection":[{"href":"https:\/\/www.europesays.com\/fr\/wp-json\/wp\/v2\/posts"}],"about":[{"href":"https:\/\/www.europesays.com\/fr\/wp-json\/wp\/v2\/types\/post"}],"author":[{"embeddable":true,"href":"https:\/\/www.europesays.com\/fr\/wp-json\/wp\/v2\/users\/2"}],"replies":[{"embeddable":true,"href":"https:\/\/www.europesays.com\/fr\/wp-json\/wp\/v2\/comments?post=413230"}],"version-history":[{"count":0,"href":"https:\/\/www.europesays.com\/fr\/wp-json\/wp\/v2\/posts\/413230\/revisions"}],"wp:featuredmedia":[{"embeddable":true,"href":"https:\/\/www.europesays.com\/fr\/wp-json\/wp\/v2\/media\/413231"}],"wp:attachment":[{"href":"https:\/\/www.europesays.com\/fr\/wp-json\/wp\/v2\/media?parent=413230"}],"wp:term":[{"taxonomy":"category","embeddable":true,"href":"https:\/\/www.europesays.com\/fr\/wp-json\/wp\/v2\/categories?post=413230"},{"taxonomy":"post_tag","embeddable":true,"href":"https:\/\/www.europesays.com\/fr\/wp-json\/wp\/v2\/tags?post=413230"}],"curies":[{"name":"wp","href":"https:\/\/api.w.org\/{rel}","templated":true}]}}