{"id":413234,"date":"2025-09-24T01:11:10","date_gmt":"2025-09-24T01:11:10","guid":{"rendered":"https:\/\/www.europesays.com\/fr\/413234\/"},"modified":"2025-09-24T01:11:10","modified_gmt":"2025-09-24T01:11:10","slug":"je-ne-veux-pas-non-plus-trop-les-affoler-mais","status":"publish","type":"post","link":"https:\/\/www.europesays.com\/fr\/413234\/","title":{"rendered":"Je ne veux pas non plus trop les affoler mais&#8230;"},"content":{"rendered":"<p>\n                Alors qu&rsquo;il revient au cin\u00e9ma avec le film \u00ab\u00a0L&rsquo;Homme qui a vu l&rsquo;ours qui a vu l&rsquo;homme\u00a0\u00bb, le com\u00e9dien Pierre Richard a fait des confidences en promo. L&rsquo;occasion de partager sa crainte pour le futur de sa famille et un joli coup de gueule\u00a0!            <\/p>\n<p>L&rsquo;acteur Pierre Richard s&rsquo;est r\u00e9cemment confi\u00e9 dans l&rsquo;\u00e9mission Legend de Guillaume Pley. A 91 ans, et malgr\u00e9 une sant\u00e9 un peu fragile, il continue tour \u00e0 tour de jouer au cin\u00e9ma et de s&rsquo;occuper de son domaine viticole. Mais l&rsquo;artiste a des craintes et des coupables en ligne de mire&#8230;<\/p>\n<p>\u00ab\u00a0Vous savez, c&rsquo;est foutu pour vous\u00a0\u00bb<\/p>\n<p>Depuis plusieurs ann\u00e9es, Pierre Richard vit entre Paris et\u00a0Gruissan, dans l&rsquo;Aude, o\u00f9 il poss\u00e8de une maison et un domaine viticole.\u00a0\u00ab\u00a0Moi, j&rsquo;\u00e9tais un citadin, et puis il y a 45\u00a0ans j&rsquo;ach\u00e8te ma propri\u00e9t\u00e9 viticole. Donc pour la premi\u00e8re fois de ma vie je regarde le ciel, je regarde la pluie, je regarde la terre, je regarde mes vignes, je regarde un peu le monde\u00a0\u00bb, a-t-il d&rsquo;abord expliqu\u00e9 sur sa vie au vert. Et l&rsquo;acteur de La Ch\u00e8vre de faire un constat terrible aujourd&rsquo;hui :\u00a0\u00ab\u00a0On sent bien que \u00e7a se d\u00e9grade un peu de plus en plus. En tout cas, en ce qui me concerne\u2026\u00a0\u00bb<\/p>\n<p>Saison apr\u00e8s saison, l&rsquo;acteur a mesur\u00e9 les changements de la nature et l&rsquo;impact sur son domaine.\u00a0\u00ab\u00a0Je me suis aper\u00e7u qu&rsquo;en 40\u00a0ans les conditions climatiques sont de plus en plus dangereuses. Par exemple, \u00e7a fait 2\u00a0ou 3\u00a0ans qu&rsquo;il ne pleut pas pendant 3\u00a0mois\u2026 C&rsquo;est pas normal. Et puis quand il se met \u00e0 pleuvoir, il pleut trop\u00a0\u00bb, a-t-il remarqu\u00e9.\u00a0Et quand il pense \u00e0 l&rsquo;avenir de ses petits-enfants, Pierre Richard\u00a0n&rsquo;a plus vraiment envie de rire :\u00a0\u00ab\u00a0Moi j&rsquo;ai vu le changement, mais je ne veux pas non plus trop les affoler\u2026 parce que je vais leur dire\u00a0: \u00ab\u00a0Vous savez, c&rsquo;est foutu pour vous\u00a0\u00bb. Moi je le pense un peu.\u00a0\u00bb<\/p>\n<p>Pierre Richard furieux : \u00ab\u00a0Tout le monde s&rsquo;en fout !\u00a0\u00bb<\/p>\n<p>Avec cette douceur qui le caract\u00e9rise, Pierre Richard a jet\u00e9 un regard d\u00e9sabus\u00e9 sur le monde d&rsquo;aujourd&rsquo;hui, en le comparant \u00e0 celui de ses jeunes ann\u00e9es. \u00ab\u00a0Il y avait une plus grande facilit\u00e9 d&rsquo;existence\u00a0\u00bb, a-t-il confi\u00e9 avec la nostalgie de ceux qui ont vu les ann\u00e9es d\u00e9filer. Le com\u00e9dien, que l&rsquo;on associe volontiers \u00e0 la l\u00e9g\u00e8ret\u00e9 et au burlesque, s&rsquo;est r\u00e9v\u00e9l\u00e9 grave, presque r\u00e9sign\u00e9. \u00ab\u00a0Maintenant je trouve que c&rsquo;est dur, et je me fais beaucoup de bile pour l&rsquo;avenir. Pas pour moi, mais pour mes petits enfants\u00a0\u00bb, a-t-il ajout\u00e9, la voix teint\u00e9e d&rsquo;\u00e9motion.<\/p>\n<p>Pierre Richard a reconnu qu&rsquo;une r\u00e9elle angoisse se cachait derri\u00e8re son image de vieil homme tranquille.\u00a0\u00ab\u00a0L&rsquo;urgence climatique&#8230; Tout le monde s&rsquo;en fout !\u00a0Il n&rsquo;y a pas assez de gens qui s&rsquo;en pr\u00e9occupent.\u00a0Et surtout pas les gens du pouvoir, encore moins&#8230;\u00a0\u00bb, a-t-il ajout\u00e9, avec agacement.<\/p>\n","protected":false},"excerpt":{"rendered":"Alors qu&rsquo;il revient au cin\u00e9ma avec le film \u00ab\u00a0L&rsquo;Homme qui a vu l&rsquo;ours qui a vu l&rsquo;homme\u00a0\u00bb, le&hellip;\n","protected":false},"author":2,"featured_media":413235,"comment_status":"","ping_status":"","sticky":false,"template":"","format":"standard","meta":{"footnotes":""},"categories":[8],"tags":[3723,54391,51761,58,59,51763,1011,27,51766,51767],"class_list":{"0":"post-413234","1":"post","2":"type-post","3":"status-publish","4":"format-standard","5":"has-post-thumbnail","7":"category-divertissement","8":"tag-actus","9":"tag-cms-journaldesfemmes-3241858","10":"tag-controller-content","11":"tag-divertissement","12":"tag-entertainment","13":"tag-format-papier","14":"tag-fr","15":"tag-france","16":"tag-les-histoires-du-jdf","17":"tag-parallaxeinfeed"},"share_on_mastodon":{"url":"https:\/\/pubeurope.com\/@fr\/115256615479021815","error":""},"_links":{"self":[{"href":"https:\/\/www.europesays.com\/fr\/wp-json\/wp\/v2\/posts\/413234","targetHints":{"allow":["GET"]}}],"collection":[{"href":"https:\/\/www.europesays.com\/fr\/wp-json\/wp\/v2\/posts"}],"about":[{"href":"https:\/\/www.europesays.com\/fr\/wp-json\/wp\/v2\/types\/post"}],"author":[{"embeddable":true,"href":"https:\/\/www.europesays.com\/fr\/wp-json\/wp\/v2\/users\/2"}],"replies":[{"embeddable":true,"href":"https:\/\/www.europesays.com\/fr\/wp-json\/wp\/v2\/comments?post=413234"}],"version-history":[{"count":0,"href":"https:\/\/www.europesays.com\/fr\/wp-json\/wp\/v2\/posts\/413234\/revisions"}],"wp:featuredmedia":[{"embeddable":true,"href":"https:\/\/www.europesays.com\/fr\/wp-json\/wp\/v2\/media\/413235"}],"wp:attachment":[{"href":"https:\/\/www.europesays.com\/fr\/wp-json\/wp\/v2\/media?parent=413234"}],"wp:term":[{"taxonomy":"category","embeddable":true,"href":"https:\/\/www.europesays.com\/fr\/wp-json\/wp\/v2\/categories?post=413234"},{"taxonomy":"post_tag","embeddable":true,"href":"https:\/\/www.europesays.com\/fr\/wp-json\/wp\/v2\/tags?post=413234"}],"curies":[{"name":"wp","href":"https:\/\/api.w.org\/{rel}","templated":true}]}}