{"id":413275,"date":"2025-09-24T01:35:22","date_gmt":"2025-09-24T01:35:22","guid":{"rendered":"https:\/\/www.europesays.com\/fr\/413275\/"},"modified":"2025-09-24T01:35:22","modified_gmt":"2025-09-24T01:35:22","slug":"la-seconde-main-a-maintenant-son-festival-pres-de-nantes-2","status":"publish","type":"post","link":"https:\/\/www.europesays.com\/fr\/413275\/","title":{"rendered":"La seconde main a maintenant son festival pr\u00e8s de Nantes"},"content":{"rendered":"<p>Samedi 27\u00a0septembre, le quartier Pont Rousseau lance son Festival de la seconde main et de r\u00e9paration, de 10\u00a0h \u00e0 18\u00a0h, rues F\u00e9lix-Faure et Alsace Lorraine.<\/p>\n<p>Une id\u00e9e des commer\u00e7ants de Pont Rousseau<\/p>\n<p>Ce tout nouveau festival est cr\u00e9\u00e9 par l\u2019association des commer\u00e7ants du quartier. \u00a0Le but est d\u2019accueillir une trentaine d\u2019exposants, tous avec les m\u00eames valeurs, une consommation responsable pour la protection de l\u2019environnement. L\u2019objectif est de redonner une seconde vie aux v\u00eatements et aux objets en favorisant le recyclage et en limitant le gaspillage\u00a0!\u00a0 commentent les organisatrices \u00e0 l\u2019initiative de l\u2019\u00e9v\u00e9nement, soutenues par la Ville de Rez\u00e9.<\/p>\n<p><a href=\"https:\/\/nantes.maville.com\/actu\/actudet_-territoires-zero-chomeur-l-experimentation-debute-a-nantes-et-reze-_8-6841443_actu.Htm\" target=\"_blank\" rel=\"noopener\">##\u00a0Lire aussi : Territoires z\u00e9ro ch\u00f4meur : l\u2019exp\u00e9rimentation d\u00e9bute \u00e0 Nantes et Rez\u00e9<\/a><\/p>\n<p>Depuis 2025, le march\u00e9 de la seconde main est plus que jamais un pilier de la consommation responsable en France. Apr\u00e8s une p\u00e9riode de forte inflation, les Fran\u00e7ais restent tr\u00e8s attentifs \u00e0 leur pouvoir d\u2019achat. Ils ont de plus en plus envie de consommer mieux afin de r\u00e9duire leur impact environnemental. \u00a0Notre but, en organisant ce march\u00e9 de la seconde main, c\u2019est de promouvoir les commerces qui s\u2019engagent dans la m\u00eame d\u00e9marche que nous de consommation responsable et de contribuer \u00e0 la vie du quartier de Pont Rousseau, un des plus vieux quartiers de la ville\u00a0, poursuit Roxane Hervy, g\u00e9rante de la boutique de v\u00eatements La Ritournelle. Plusieurs ateliers de cr\u00e9ations upcycl\u00e9es seront propos\u00e9s gratuitement ainsi que diverses animations.<\/p>\n<p><a href=\"https:\/\/nantes.maville.com\/actu\/actudet_-a-reze-l-entreprise-l-amarrez-fait-du-bien-a-l-emploi-on-est-acteur-d-un-projet-qui-est-beau-_8-6883314_actu.Htm\" target=\"_blank\" rel=\"noopener\">##\u00a0Lire aussi : \u00c0 Rez\u00e9, l\u2019entreprise L\u2019Amarrez fait du bien \u00e0 l\u2019emploi : \u00ab On est acteur d\u2019un projet qui est beau \u00bb<\/a><\/p>\n<p>Samedi 27\u00a0septembre, restauration sur place, food truck, buvette, musique et dr\u00f4leries avec F\u00fct F\u00fct Collectif. \u00c0 suivre sur FB et Instagram\u00a0: @commer\u00e7ants_de_pontrousseau.<\/p>\n<p>\u00a0<\/p>\n","protected":false},"excerpt":{"rendered":"Samedi 27\u00a0septembre, le quartier Pont Rousseau lance son Festival de la seconde main et de r\u00e9paration, de 10\u00a0h&hellip;\n","protected":false},"author":2,"featured_media":412917,"comment_status":"","ping_status":"","sticky":false,"template":"","format":"standard","meta":{"footnotes":""},"categories":[2818],"tags":[1111,11,1777,674,849,1011,27,10041,43926,766,12,2636,3762,25,10040],"class_list":{"0":"post-413275","1":"post","2":"type-post","3":"status-publish","4":"format-standard","5":"has-post-thumbnail","7":"category-nantes","8":"tag-actu","9":"tag-actualites","10":"tag-eu","11":"tag-europe","12":"tag-festival","13":"tag-fr","14":"tag-france","15":"tag-main","16":"tag-maintenant","17":"tag-nantes","18":"tag-news","19":"tag-pays-de-la-loire","20":"tag-pres","21":"tag-republique-francaise","22":"tag-seconde"},"share_on_mastodon":{"url":"https:\/\/pubeurope.com\/@fr\/115256709871329492","error":""},"_links":{"self":[{"href":"https:\/\/www.europesays.com\/fr\/wp-json\/wp\/v2\/posts\/413275","targetHints":{"allow":["GET"]}}],"collection":[{"href":"https:\/\/www.europesays.com\/fr\/wp-json\/wp\/v2\/posts"}],"about":[{"href":"https:\/\/www.europesays.com\/fr\/wp-json\/wp\/v2\/types\/post"}],"author":[{"embeddable":true,"href":"https:\/\/www.europesays.com\/fr\/wp-json\/wp\/v2\/users\/2"}],"replies":[{"embeddable":true,"href":"https:\/\/www.europesays.com\/fr\/wp-json\/wp\/v2\/comments?post=413275"}],"version-history":[{"count":0,"href":"https:\/\/www.europesays.com\/fr\/wp-json\/wp\/v2\/posts\/413275\/revisions"}],"wp:featuredmedia":[{"embeddable":true,"href":"https:\/\/www.europesays.com\/fr\/wp-json\/wp\/v2\/media\/412917"}],"wp:attachment":[{"href":"https:\/\/www.europesays.com\/fr\/wp-json\/wp\/v2\/media?parent=413275"}],"wp:term":[{"taxonomy":"category","embeddable":true,"href":"https:\/\/www.europesays.com\/fr\/wp-json\/wp\/v2\/categories?post=413275"},{"taxonomy":"post_tag","embeddable":true,"href":"https:\/\/www.europesays.com\/fr\/wp-json\/wp\/v2\/tags?post=413275"}],"curies":[{"name":"wp","href":"https:\/\/api.w.org\/{rel}","templated":true}]}}