{"id":413314,"date":"2025-09-24T01:58:23","date_gmt":"2025-09-24T01:58:23","guid":{"rendered":"https:\/\/www.europesays.com\/fr\/413314\/"},"modified":"2025-09-24T01:58:23","modified_gmt":"2025-09-24T01:58:23","slug":"ford-arrete-la-production-de-lune-de-ses-usines-en-allemagne-et-supprime-9-000-emplois","status":"publish","type":"post","link":"https:\/\/www.europesays.com\/fr\/413314\/","title":{"rendered":"Ford arr\u00eate la production de l\u2019une de ses usines en Allemagne et supprime 9\u00a0000 emplois"},"content":{"rendered":"<p>Ford n\u2019arr\u00eate pas de r\u00e9duire ses effectifs et de fermer des usines en Europe. Son site historique allemand de Sarrelouis, \u00e0 la fronti\u00e8re fran\u00e7aise, va ainsi cesser sa production de v\u00e9hicules en novembre prochain. Le constructeur am\u00e9ricain vient \u00e9galement d\u2019annoncer 1\u00a0000 postes en moins dans l\u2019usine \u00e9galement allemande de Cologne. Au total, Ford a un plan en cours pour supprimer pr\u00e8s de 9\u00a0000 emplois sur le Vieux Continent, pour des effectifs europ\u00e9ens de 28\u00a0000 personnes environ (en 2024). Soit plus de 30\u00a0%.<\/p>\n<p>Il avait d\u00e9j\u00e0 anticip\u00e9, en novembre\u00a02024, 4\u00a0000 suppressions d\u2019emplois en Europe entre la fin de l\u2019an dernier et d\u00e9cembre\u00a02027, principalement outre-Rhin et au Royaume-Uni, ses deux bases historiques sur le continent europ\u00e9en. 3\u00a0800 suppressions avaient en outre \u00e9t\u00e9 programm\u00e9es l\u2019ann\u00e9e pr\u00e9c\u00e9dente. D\u00e9cid\u00e9ment.<\/p>\n","protected":false},"excerpt":{"rendered":"Ford n\u2019arr\u00eate pas de r\u00e9duire ses effectifs et de fermer des usines en Europe. Son site historique allemand&hellip;\n","protected":false},"author":2,"featured_media":413315,"comment_status":"","ping_status":"","sticky":false,"template":"","format":"standard","meta":{"footnotes":""},"categories":[1587],"tags":[17,11,672,11354,1804,1805,1803,645,1777,674,20722,1801,4506,12,8131,1802,2407,54395],"class_list":{"0":"post-413314","1":"post","2":"type-post","3":"status-publish","4":"format-standard","5":"has-post-thumbnail","7":"category-allemagne","8":"tag-17","9":"tag-actualites","10":"tag-allemagne","11":"tag-arrete","12":"tag-bundesrepublik-deutschland","13":"tag-de","14":"tag-deutschland","15":"tag-entreprises-finance","16":"tag-eu","17":"tag-europe","18":"tag-ford","19":"tag-germany","20":"tag-lune","21":"tag-news","22":"tag-production","23":"tag-republique-federale-dallemagne","24":"tag-ses","25":"tag-usines"},"share_on_mastodon":{"url":"https:\/\/pubeurope.com\/@fr\/115256800271469712","error":""},"_links":{"self":[{"href":"https:\/\/www.europesays.com\/fr\/wp-json\/wp\/v2\/posts\/413314","targetHints":{"allow":["GET"]}}],"collection":[{"href":"https:\/\/www.europesays.com\/fr\/wp-json\/wp\/v2\/posts"}],"about":[{"href":"https:\/\/www.europesays.com\/fr\/wp-json\/wp\/v2\/types\/post"}],"author":[{"embeddable":true,"href":"https:\/\/www.europesays.com\/fr\/wp-json\/wp\/v2\/users\/2"}],"replies":[{"embeddable":true,"href":"https:\/\/www.europesays.com\/fr\/wp-json\/wp\/v2\/comments?post=413314"}],"version-history":[{"count":0,"href":"https:\/\/www.europesays.com\/fr\/wp-json\/wp\/v2\/posts\/413314\/revisions"}],"wp:featuredmedia":[{"embeddable":true,"href":"https:\/\/www.europesays.com\/fr\/wp-json\/wp\/v2\/media\/413315"}],"wp:attachment":[{"href":"https:\/\/www.europesays.com\/fr\/wp-json\/wp\/v2\/media?parent=413314"}],"wp:term":[{"taxonomy":"category","embeddable":true,"href":"https:\/\/www.europesays.com\/fr\/wp-json\/wp\/v2\/categories?post=413314"},{"taxonomy":"post_tag","embeddable":true,"href":"https:\/\/www.europesays.com\/fr\/wp-json\/wp\/v2\/tags?post=413314"}],"curies":[{"name":"wp","href":"https:\/\/api.w.org\/{rel}","templated":true}]}}