{"id":413330,"date":"2025-09-24T02:09:14","date_gmt":"2025-09-24T02:09:14","guid":{"rendered":"https:\/\/www.europesays.com\/fr\/413330\/"},"modified":"2025-09-24T02:09:14","modified_gmt":"2025-09-24T02:09:14","slug":"la-retraite-doit-etre-plus-rapide-que-lui-2","status":"publish","type":"post","link":"https:\/\/www.europesays.com\/fr\/413330\/","title":{"rendered":"La retraite doit \u00eatre plus rapide que lui"},"content":{"rendered":"<p>ARTA &#8211; Le coureur de Ducati, Marc Marquez, n\u2019a pas ni\u00e9 qu\u2019il se retrait plus t\u00f4t que le MotoGP. Cependant, il y a une condition, c\u2019est-\u00e0-dire qu\u2019il doit y avoir un coureur plus rapide qu\u2019il.<\/p>\n<p>C\u2019est ce qu\u2019a r\u00e9v\u00e9l\u00e9 Livio Suppo, l\u2019un des personnalit\u00e9s mondiales du MotoGP qui a travaill\u00e9 avec Marquez \u00e0 Repsol Honda. Suppo a d\u00e9clar\u00e9 que M\u00e1rquez prendrait sa retraite une fois qu\u2019il y a un coureur qu\u2019il consid\u00e8re comme plus rapide.<\/p>\n<p>\u00ab Quand il s\u2019est rendu compte qu\u2019il y avait quelqu\u2019un qui \u00e9tait plus fort que lui, il s\u2019arr\u00eaterait. Marquez se sentait mal \u00e0 l\u2019aise s\u2019il ne gagnait pas \u00bb, a d\u00e9clar\u00e9 Suppo, cit\u00e9 par Motosan, mardi 23 septembre 2025.<\/p>\n<p>ero cette saison, Marquez remportera le MotoGP. Bien qu\u2019il y ait encore six autres courses, les points de The Baby Alien ne sont presque pas poursuivis. Il a juste besoin de trois points suppl\u00e9mentaires.<\/p>\n<p>Marquez remporte son titre de la s\u00e9rie MotoGP Japon 2022 ce week-end, neuf titres du monde ont \u00e9t\u00e9 remport\u00e9s avec succ\u00e8s &#8211; six d\u2019entre eux en MotoGP.<\/p>\n<p>ero cette saison, la domination de Marquez est immatricul\u00e9e parce qu\u2019il est non seulement exclu dans la course principale, mais aussi dans les s\u00e9ances de course Sprint. La performance impressionnante de Marquez s\u2019appelle Suppo parce que les autres coureurs ne sont pas en comp\u00e9tition.<\/p>\n<p>\u00ab Les quatre derni\u00e8res ann\u00e9es, avec tout le respect pour les autres coureurs, il n\u2019y a pas de chance. Peut-\u00eatre que tout le monde a \u00e9t\u00e9 surpris de voir le coureur aussi fort \u00bb, a-t-il d\u00e9clar\u00e9.<\/p>\n<p>an, la d\u00e9claration de Marquez sur la retraite pr\u00e9coce ne semble pas se r\u00e9aliser dans un proche avenir. Il n\u2019y a jusqu\u2019\u00e0 pr\u00e9sent pas de jeune coureur de qualit\u00e9 sup\u00e9rieure \u00e0 Marquez.<\/p>\n<p>The English, Chinese, Japanese, Arabic, and French versions are automatically generated by the AI. So there may still be inaccuracies in translating, please always see Indonesian as our main language.<br \/>\n                                    (system supported by DigitalSiber.id)<\/p>\n","protected":false},"excerpt":{"rendered":"ARTA &#8211; Le coureur de Ducati, Marc Marquez, n\u2019a pas ni\u00e9 qu\u2019il se retrait plus t\u00f4t que le&hellip;\n","protected":false},"author":2,"featured_media":413213,"comment_status":"","ping_status":"","sticky":false,"template":"","format":"standard","meta":{"footnotes":""},"categories":[1413],"tags":[1011,27,38255,1461,1457,1456,1458,34423,60],"class_list":{"0":"post-413330","1":"post","2":"type-post","3":"status-publish","4":"format-standard","5":"has-post-thumbnail","7":"category-moto","8":"tag-fr","9":"tag-france","10":"tag-ina","11":"tag-marc-marquez","12":"tag-moto","13":"tag-motocycle","14":"tag-motogp","15":"tag-motogp-2022","16":"tag-sports"},"share_on_mastodon":{"url":"https:\/\/pubeurope.com\/@fr\/115256843751961070","error":""},"_links":{"self":[{"href":"https:\/\/www.europesays.com\/fr\/wp-json\/wp\/v2\/posts\/413330","targetHints":{"allow":["GET"]}}],"collection":[{"href":"https:\/\/www.europesays.com\/fr\/wp-json\/wp\/v2\/posts"}],"about":[{"href":"https:\/\/www.europesays.com\/fr\/wp-json\/wp\/v2\/types\/post"}],"author":[{"embeddable":true,"href":"https:\/\/www.europesays.com\/fr\/wp-json\/wp\/v2\/users\/2"}],"replies":[{"embeddable":true,"href":"https:\/\/www.europesays.com\/fr\/wp-json\/wp\/v2\/comments?post=413330"}],"version-history":[{"count":0,"href":"https:\/\/www.europesays.com\/fr\/wp-json\/wp\/v2\/posts\/413330\/revisions"}],"wp:featuredmedia":[{"embeddable":true,"href":"https:\/\/www.europesays.com\/fr\/wp-json\/wp\/v2\/media\/413213"}],"wp:attachment":[{"href":"https:\/\/www.europesays.com\/fr\/wp-json\/wp\/v2\/media?parent=413330"}],"wp:term":[{"taxonomy":"category","embeddable":true,"href":"https:\/\/www.europesays.com\/fr\/wp-json\/wp\/v2\/categories?post=413330"},{"taxonomy":"post_tag","embeddable":true,"href":"https:\/\/www.europesays.com\/fr\/wp-json\/wp\/v2\/tags?post=413330"}],"curies":[{"name":"wp","href":"https:\/\/api.w.org\/{rel}","templated":true}]}}