{"id":413375,"date":"2025-09-24T02:36:55","date_gmt":"2025-09-24T02:36:55","guid":{"rendered":"https:\/\/www.europesays.com\/fr\/413375\/"},"modified":"2025-09-24T02:36:55","modified_gmt":"2025-09-24T02:36:55","slug":"national-si-le-fc-sochaux-reste-prudent-un-autre-club-de-national-annonce-clairement-quil-va-monter-en-ligue-2","status":"publish","type":"post","link":"https:\/\/www.europesays.com\/fr\/413375\/","title":{"rendered":"National. Si le FC Sochaux reste prudent, un autre club de National annonce clairement qu\u2019il \u00ab\u00a0va monter en Ligue 2\u00a0\u00bb"},"content":{"rendered":"<p>Malgr\u00e9 son d\u00e9but de saison satisfaisant, <a href=\"https:\/\/www.estrepublicain.fr\/sport\/2025\/09\/23\/julien-cordonnier-sur-le-debut-de-saison-du-fc-sochaux-on-a-les-armes-pour-rivaliser-avec-n-importe-qui\" target=\"_blank\" rel=\"noopener\">le FCSM refuse d\u2019afficher des ambitions trop \u00e9lev\u00e9es<\/a> , encore \u00e9chaud\u00e9 par les mauvais r\u00e9sultats du pr\u00e9c\u00e9dent exercice. Vendredi dernier, les Jaune et Bleu ont perdu la t\u00eate du classement de National au profit du FC Rouen, o\u00f9 le discours est radicalement diff\u00e9rent.<\/p>\n<p>\u00c0 l\u2019occasion de la pr\u00e9sentation d\u2019un nouveau sponsor maillot, le propri\u00e9taire du club rouennais, Tarkan Ser, a affich\u00e9 un optimisme d\u00e9bordant suite au bon envol des hommes de R\u00e9gis Brouard. \u00ab\u00a0On va monter en Ligue 2 cette ann\u00e9e, j\u2019y crois\u00a0\u00bb, clame l\u2019homme d\u2019affaires turc dans des propos rapport\u00e9s par Paris Normandie.<\/p>\n<p>Ce contenu est bloqu\u00e9 car vous n&rsquo;avez pas accept\u00e9 les cookies et autres traceurs.<\/p>\n<p>En cliquant sur \u00ab J\u2019accepte \u00bb, les cookies et autres traceurs seront d\u00e9pos\u00e9s et vous pourrez visualiser les contenus  (<a href=\"\" class=\"consentModule_policy\" target=\"_blank\" title=\"Consulter la politique de protection des donn\u00e9es du fournisseur\">plus d&rsquo;informations<\/a>).<\/p>\n<p>En cliquant sur \u00ab J\u2019accepte tous les cookies \u00bb, vous autorisez des d\u00e9p\u00f4ts de cookies et autres traceurs pour le stockage de vos donn\u00e9es sur nos sites et applications \u00e0 des fins de personnalisation et de ciblage publicitaire.<\/p>\n<p class=\"consentModule_secondaryText\">Vous gardez la possibilit\u00e9 de retirer votre consentement \u00e0 tout moment en consultant notre <a href=\"https:\/\/www.estrepublicain.fr\/protection-des-donnees\" target=\"_blank\" title=\"Consulter notre politique de protection des donn\u00e9es\" rel=\"noopener\">politique de protection des donn\u00e9es<\/a>. <br \/>&#13;<br \/>\n            <a href=\"https:\/\/www.estrepublicain.fr\/sport\/2025\/09\/23\/javascript:Didomi.notice.show()\" class=\"consentModule_cmp\" target=\"_blank\" rel=\"noopener\">G\u00e9rer mes choix<\/a>&#13;\n        <\/p>\n<p>&#13;<br \/>\n                        J&rsquo;accepte&#13;<br \/>\n            J&rsquo;accepte tous les cookies&#13;\n        <\/p>\n<p>Tarkan Ser rappelle tout de m\u00eame qu\u2019il a fix\u00e9 aux joueurs du FCR cet objectif de mont\u00e9e \u00ab\u00a0en deux ans\u00a0\u00bb. Apr\u00e8s quoi il ne quitterait pas le navire si l\u2019objectif n\u2019\u00e9tait pas atteint, mais il r\u00e9duirait drastiquement le budget. \u00ab\u00a0Je resterai \u00e0 la pr\u00e9sidence, mais on fera un budget \u00e0 2,5\u00a0millions au lieu de 6, juste pour se maintenir et jouer tranquillement au football. Mais honn\u00eatement, je n\u2019y crois pas, on n\u2019aura pas ce probl\u00e8me\u2026\u00a0\u00bb\ufeff<\/p>\n<p>Ce week-end, pendant que Sochaux sera exempt, Rouen d\u00e9fendra sa place de leader contre Bourg-en-Bresse, la lanterne rouge, dans un choc des extr\u00eames.<\/p>\n","protected":false},"excerpt":{"rendered":"Malgr\u00e9 son d\u00e9but de saison satisfaisant, le FCSM refuse d\u2019afficher des ambitions trop \u00e9lev\u00e9es , encore \u00e9chaud\u00e9 par&hellip;\n","protected":false},"author":2,"featured_media":413376,"comment_status":"","ping_status":"","sticky":false,"template":"","format":"standard","meta":{"footnotes":""},"categories":[9587],"tags":[1111,11,14188,10332,1777,674,14186,63,1011,27,12,5161,25,9590,14187,517,14185],"class_list":{"0":"post-413375","1":"post","2":"type-post","3":"status-publish","4":"format-standard","5":"has-post-thumbnail","7":"category-rouen","8":"tag-actu","9":"tag-actualites","10":"tag-ca-pays-de-montbeliard-agglomeration-25b1","11":"tag-edition-belfort-hericourt-montbeliard","12":"tag-eu","13":"tag-europe","14":"tag-fc-sochaux-montbeliard","15":"tag-football","16":"tag-fr","17":"tag-france","18":"tag-news","19":"tag-normandie","20":"tag-republique-francaise","21":"tag-rouen","22":"tag-sochaux","23":"tag-sport","24":"tag-sport-franc-comtois"},"share_on_mastodon":{"url":"https:\/\/pubeurope.com\/@fr\/115256953591711649","error":""},"_links":{"self":[{"href":"https:\/\/www.europesays.com\/fr\/wp-json\/wp\/v2\/posts\/413375","targetHints":{"allow":["GET"]}}],"collection":[{"href":"https:\/\/www.europesays.com\/fr\/wp-json\/wp\/v2\/posts"}],"about":[{"href":"https:\/\/www.europesays.com\/fr\/wp-json\/wp\/v2\/types\/post"}],"author":[{"embeddable":true,"href":"https:\/\/www.europesays.com\/fr\/wp-json\/wp\/v2\/users\/2"}],"replies":[{"embeddable":true,"href":"https:\/\/www.europesays.com\/fr\/wp-json\/wp\/v2\/comments?post=413375"}],"version-history":[{"count":0,"href":"https:\/\/www.europesays.com\/fr\/wp-json\/wp\/v2\/posts\/413375\/revisions"}],"wp:featuredmedia":[{"embeddable":true,"href":"https:\/\/www.europesays.com\/fr\/wp-json\/wp\/v2\/media\/413376"}],"wp:attachment":[{"href":"https:\/\/www.europesays.com\/fr\/wp-json\/wp\/v2\/media?parent=413375"}],"wp:term":[{"taxonomy":"category","embeddable":true,"href":"https:\/\/www.europesays.com\/fr\/wp-json\/wp\/v2\/categories?post=413375"},{"taxonomy":"post_tag","embeddable":true,"href":"https:\/\/www.europesays.com\/fr\/wp-json\/wp\/v2\/tags?post=413375"}],"curies":[{"name":"wp","href":"https:\/\/api.w.org\/{rel}","templated":true}]}}