{"id":413390,"date":"2025-09-24T02:46:16","date_gmt":"2025-09-24T02:46:16","guid":{"rendered":"https:\/\/www.europesays.com\/fr\/413390\/"},"modified":"2025-09-24T02:46:16","modified_gmt":"2025-09-24T02:46:16","slug":"management-de-la-folle-journee-nantes-exige-detre-informee-des-conclusions-de-laudit","status":"publish","type":"post","link":"https:\/\/www.europesays.com\/fr\/413390\/","title":{"rendered":"Management de la Folle journ\u00e9e\u00a0: Nantes exige d\u2019\u00eatre inform\u00e9e des conclusions de l\u2019audit"},"content":{"rendered":"<p>Cinq jours apr\u00e8s les <a href=\"https:\/\/nantes.maville.com\/actu\/actudet_-humiliations-ambiance-de-travail-sexualisee...-le-patron-de-la-folle-journee-dans-la-tourmente-_52716-6983972_actu.Htm\" target=\"_self\" rel=\"noopener\">r\u00e9v\u00e9lations concernant le management toxique et le contexte de travail hypersexualis\u00e9 au sein du Cr\u00e9a, la structure de Ren\u00e9 Martin qui programme, entre autres, la Folle Journ\u00e9e<\/a>, la Ville de Nantes exige des mesures.<\/p>\n<p>Dans un courrier adress\u00e9 au pr\u00e9sident du Cr\u00e9a, Jacques Dagault, Aymeric Seassau, \u00e9lu \u00e0 la culture, \u00e9crit\u00a0: <strong>\u00ab\u00a0Certains t\u00e9moignages \u00e9voquent des situations graves.\u00a0Ces propos sont pr\u00e9occupants d\u2019abord pour les \u00e9quipes, ils appellent un devoir d\u2019\u00e9coute et de v\u00e9rit\u00e9. Ils le sont ensuite pour la Folle journ\u00e9e de Nantes, \u00e9v\u00e9nement artistique et culturel majeur pour lequel la Ville de Nantes est historiquement associ\u00e9e au Cr\u00e9a et auquel les Nantaises et Nantais sont attach\u00e9s.\u00bb <\/strong>Aymeric Seassau rappelle que<strong> \u00ab la Ville de Nantes ne saurait transiger avec les principes d\u2019exemplarit\u00e9, de bien \u00eatre au travail des salari\u00e9s, et de lutte contre les violences sexistes et sexuelles \u00bb.<\/strong><\/p>\n<p>La Ville demande \u00e0 \u00eatre tenue inform\u00e9e \u00ab<strong> dans les d\u00e9lais les plus rapides \u00bb<\/strong> des conclusions de l\u2019audit qui sera men\u00e9 au sein du Cr\u00e9a.<\/p>\n<p>Audit\u00a0: la R\u00e9gion \u00abparticuli\u00e8rement vigilante\u00bb<\/p>\n<p>La R\u00e9gion, engag\u00e9e pour une p\u00e9riode de 3 ans avec le Cr\u00e9a pour Ma R\u00e9gion Virtuose sera aussi \u00ab<strong> particuli\u00e8rement vigilante\u00bb <\/strong> quant aux conclusions des l\u2019audit.<strong> \u00abFace aux accusations port\u00e9es, il est indispensable que Ren\u00e9 Martin fasse toute la transparence sur sa gestion et le climat social qui r\u00e8gne au sein de son entreprise,<\/strong> a-t-elle fait savoir ce mardi 23 septembre. <strong>Manifestement, c\u2019est la d\u00e9marche qu\u2019il a choisi d\u2019engager \u00e0 travers cet audit \u00e0 un cabinet ind\u00e9pendant.\u00bb<\/strong><\/p>\n<p>\u00a0<\/p>\n","protected":false},"excerpt":{"rendered":"Cinq jours apr\u00e8s les r\u00e9v\u00e9lations concernant le management toxique et le contexte de travail hypersexualis\u00e9 au sein du&hellip;\n","protected":false},"author":2,"featured_media":413391,"comment_status":"","ping_status":"","sticky":false,"template":"","format":"standard","meta":{"footnotes":""},"categories":[2818],"tags":[1111,11,54402,1777,674,22327,14898,1011,27,54401,3465,8657,766,12,2636,25],"class_list":{"0":"post-413390","1":"post","2":"type-post","3":"status-publish","4":"format-standard","5":"has-post-thumbnail","7":"category-nantes","8":"tag-actu","9":"tag-actualites","10":"tag-conclusions","11":"tag-eu","12":"tag-europe","13":"tag-exige","14":"tag-folle","15":"tag-fr","16":"tag-france","17":"tag-informee","18":"tag-journee","19":"tag-management","20":"tag-nantes","21":"tag-news","22":"tag-pays-de-la-loire","23":"tag-republique-francaise"},"share_on_mastodon":{"url":"https:\/\/pubeurope.com\/@fr\/115256989099156582","error":""},"_links":{"self":[{"href":"https:\/\/www.europesays.com\/fr\/wp-json\/wp\/v2\/posts\/413390","targetHints":{"allow":["GET"]}}],"collection":[{"href":"https:\/\/www.europesays.com\/fr\/wp-json\/wp\/v2\/posts"}],"about":[{"href":"https:\/\/www.europesays.com\/fr\/wp-json\/wp\/v2\/types\/post"}],"author":[{"embeddable":true,"href":"https:\/\/www.europesays.com\/fr\/wp-json\/wp\/v2\/users\/2"}],"replies":[{"embeddable":true,"href":"https:\/\/www.europesays.com\/fr\/wp-json\/wp\/v2\/comments?post=413390"}],"version-history":[{"count":0,"href":"https:\/\/www.europesays.com\/fr\/wp-json\/wp\/v2\/posts\/413390\/revisions"}],"wp:featuredmedia":[{"embeddable":true,"href":"https:\/\/www.europesays.com\/fr\/wp-json\/wp\/v2\/media\/413391"}],"wp:attachment":[{"href":"https:\/\/www.europesays.com\/fr\/wp-json\/wp\/v2\/media?parent=413390"}],"wp:term":[{"taxonomy":"category","embeddable":true,"href":"https:\/\/www.europesays.com\/fr\/wp-json\/wp\/v2\/categories?post=413390"},{"taxonomy":"post_tag","embeddable":true,"href":"https:\/\/www.europesays.com\/fr\/wp-json\/wp\/v2\/tags?post=413390"}],"curies":[{"name":"wp","href":"https:\/\/api.w.org\/{rel}","templated":true}]}}