{"id":413406,"date":"2025-09-24T02:55:31","date_gmt":"2025-09-24T02:55:31","guid":{"rendered":"https:\/\/www.europesays.com\/fr\/413406\/"},"modified":"2025-09-24T02:55:31","modified_gmt":"2025-09-24T02:55:31","slug":"operation-a-marseille-martigues-vitrolles-marignane-et-berre","status":"publish","type":"post","link":"https:\/\/www.europesays.com\/fr\/413406\/","title":{"rendered":"op\u00e9ration \u00e0 Marseille, Martigues, Vitrolles, Marignane et Berre"},"content":{"rendered":"<p>Huit personnes ont \u00e9t\u00e9 interpell\u00e9es au cours d&rsquo;une op\u00e9ration men\u00e9e aujourd&rsquo;hui dans plusieurs villes des Bouches-du-Rh\u00f4ne : Marseille, Vitrolles, Marignane, Martigues et Berre l\u2019Etang. C&rsquo;est tout un r\u00e9seau international de blanchiment d&rsquo;argent qui a \u00e9t\u00e9 d\u00e9mantel\u00e9 ces derni\u00e8res semaines. R\u00e9seau qui collectait des millions d&rsquo;euros issus notamment du trafic de drogue \u00e0 Marseille, avant de les convertir en or.<\/p>\n<p>Une op\u00e9ration, en lien avec le parquet anti-Mafia de Milan, a \u00e9t\u00e9 lanc\u00e9e aujourd&rsquo;hui \u00e0 Marseille et dans plusieurs villes des Bouches-du-Rh\u00f4ne (Vitrolles, Marignane, Martigues et Berre l\u2019Etang), ainsi qu\u2019en Italie. \u00ab\u00a0Huit personnes ont \u00e9t\u00e9 interpel\u00e9es et plac\u00e9es en garde \u00e0 vue sur le territoire fran\u00e7ais\u00a0\u00bb, annonce le parquet de Marseille. Dix-sept perquisitions ont aussi amen\u00e9 \u00e0 la d\u00e9couverte \u00ab\u00a0de 219 000 euros en num\u00e9raire, de cinq v\u00e9hicules et de nombreux \u00e9l\u00e9ments de maroquinerie et de joaillerie de luxe\u00a0\u00bb. Dans le m\u00eame temps, en Italie, 5 personnes ont \u00e9t\u00e9 arr\u00eat\u00e9es et de nombreuses saisies r\u00e9alis\u00e9es.<\/p>\n<p>Cette op\u00e9ration fait suite \u00e0 la d\u00e9couverte d\u2019une importante organisation criminelle bas\u00e9e \u00e0 Milan et sp\u00e9cialis\u00e9e en blanchiment d\u2019argent. Fin d\u00e9cembre 2024, la Section de Recherches de la gendarmerie nationale Marseille-PACA a \u00e9t\u00e9 alert\u00e9e par la Guardia di Finanzia (GDF) de Milan. Selon le parquet de Marseille, \u00ab\u00a0les \u00e9l\u00e9ments communiqu\u00e9s faisaient \u00e9tat d\u2019un vaste r\u00e9seau international pilot\u00e9 par des individus kosovars et moyen-orientaux qui centralisaient en Italie des sommes de num\u00e9raires tr\u00e8s cons\u00e9quentes, avant de les convertir en or et de les exporter sous cette forme vers le Kosovo puis la Turquie. La r\u00e9cup\u00e9ration du num\u00e9raire en France et son transport vers l\u2019Italie \u00e9taient assur\u00e9s par des \u00e9quipes utilisant des voitures avec des caches am\u00e9nag\u00e9es tr\u00e8s sophistiqu\u00e9es\u00a0\u00bb.<\/p>\n<p>\u00a0<\/p>\n<p><strong>Plus de 30 millions d&rsquo;euros<\/strong><\/p>\n<p>\u00a0<\/p>\n<p>Ces collectes avaient lieu chaque semaine, principalement \u00e0 Marseille et ses environs, mais aussi \u00e0 Lyon, Paris et en Italie. Elles impliquaient certaines personnes connues notamment pour trafic de produits stup\u00e9fiants et li\u00e9es \u00e0 la DZ Mafia marseillaise. Le montant total de ces collectes pour la p\u00e9riode d\u2019octobre 2024 \u00e0 ao\u00fbt 2025 est estim\u00e9 \u00e0 plus de 30 millions d\u2019euros, d\u00e9taille le procureur Nicolas Bessone.<\/p>\n<p>L&rsquo;enqu\u00eate commune entre la France et l&rsquo;Italie &#8211; qui a impliqu\u00e9 pendant plusieurs mois le parquet national anti-Mafia de Rome, le parquet de Milan, EUROPOL, les gendarmes des SR de Paris, Strasbourg et Chamb\u00e9ry, ainsi que le GIGN &#8211; avait d\u00e9j\u00e0 abouti \u00e0 l&rsquo;interpellation de 7 personnes le 7 septembre, suite \u00e0 la d\u00e9tection d\u2019un convoi entre l\u2019Italie et l\u2019Espagne. Ces sept personnes avaient \u00e9t\u00e9 mises en examen \u00ab\u00a0des chefs de blanchiment aggrav\u00e9 de stup\u00e9fiants, association de malfaiteurs en vue de la pr\u00e9paration de d\u00e9lits punis de 10 ans d\u2019emprisonnement et plac\u00e9es en d\u00e9tention provisoire\u00a0\u00bb. Les perquisitions effectu\u00e9es \u00e0 ce moment-l\u00e0 avaient permis \u00ab\u00a0de saisir 55 kg d\u2019or 24 carats sous la forme de 55 lingots de 1 kilo et de plus de 2 400 000 euros en esp\u00e8ces, pour un montant total de huit millions d\u2019euros\u00a0\u00bb.<\/p>\n<p>\u00a0<\/p>\n<p>\u00a0<\/p>\n","protected":false},"excerpt":{"rendered":"Huit personnes ont \u00e9t\u00e9 interpell\u00e9es au cours d&rsquo;une op\u00e9ration men\u00e9e aujourd&rsquo;hui dans plusieurs villes des Bouches-du-Rh\u00f4ne : Marseille,&hellip;\n","protected":false},"author":2,"featured_media":413407,"comment_status":"","ping_status":"","sticky":false,"template":"","format":"standard","meta":{"footnotes":""},"categories":[2814],"tags":[1111,11,54404,3849,1777,674,1011,27,11272,7067,884,12045,12,1072,882,25,1098,14802],"class_list":{"0":"post-413406","1":"post","2":"type-post","3":"status-publish","4":"format-standard","5":"has-post-thumbnail","7":"category-marseille","8":"tag-actu","9":"tag-actualites","10":"tag-berre-letang","11":"tag-blanchiment","12":"tag-eu","13":"tag-europe","14":"tag-fr","15":"tag-france","16":"tag-interpellation","17":"tag-marignane","18":"tag-marseille","19":"tag-martigues","20":"tag-news","21":"tag-police","22":"tag-provence-alpes-cote-dazur","23":"tag-republique-francaise","24":"tag-stupefiants","25":"tag-vitrolles"},"share_on_mastodon":{"url":"https:\/\/pubeurope.com\/@fr\/115257024452562189","error":""},"_links":{"self":[{"href":"https:\/\/www.europesays.com\/fr\/wp-json\/wp\/v2\/posts\/413406","targetHints":{"allow":["GET"]}}],"collection":[{"href":"https:\/\/www.europesays.com\/fr\/wp-json\/wp\/v2\/posts"}],"about":[{"href":"https:\/\/www.europesays.com\/fr\/wp-json\/wp\/v2\/types\/post"}],"author":[{"embeddable":true,"href":"https:\/\/www.europesays.com\/fr\/wp-json\/wp\/v2\/users\/2"}],"replies":[{"embeddable":true,"href":"https:\/\/www.europesays.com\/fr\/wp-json\/wp\/v2\/comments?post=413406"}],"version-history":[{"count":0,"href":"https:\/\/www.europesays.com\/fr\/wp-json\/wp\/v2\/posts\/413406\/revisions"}],"wp:featuredmedia":[{"embeddable":true,"href":"https:\/\/www.europesays.com\/fr\/wp-json\/wp\/v2\/media\/413407"}],"wp:attachment":[{"href":"https:\/\/www.europesays.com\/fr\/wp-json\/wp\/v2\/media?parent=413406"}],"wp:term":[{"taxonomy":"category","embeddable":true,"href":"https:\/\/www.europesays.com\/fr\/wp-json\/wp\/v2\/categories?post=413406"},{"taxonomy":"post_tag","embeddable":true,"href":"https:\/\/www.europesays.com\/fr\/wp-json\/wp\/v2\/tags?post=413406"}],"curies":[{"name":"wp","href":"https:\/\/api.w.org\/{rel}","templated":true}]}}