{"id":413418,"date":"2025-09-24T03:02:18","date_gmt":"2025-09-24T03:02:18","guid":{"rendered":"https:\/\/www.europesays.com\/fr\/413418\/"},"modified":"2025-09-24T03:02:18","modified_gmt":"2025-09-24T03:02:18","slug":"la-representante-de-ramallah-a-paris-reagit","status":"publish","type":"post","link":"https:\/\/www.europesays.com\/fr\/413418\/","title":{"rendered":"la repr\u00e9sentante de Ramallah \u00e0 Paris r\u00e9agit"},"content":{"rendered":"<p class=\"mb-4 text-lg md:leading-8 break-words\">Comment la diplomatie palestinienne se positionne-t-elle, apr\u00e8s la reconnaissance, par une dizaine de pays, de l&rsquo;\u00c9tat de Palestine\u00a0? RFI s&rsquo;est rendu dans la matin\u00e9e de ce mardi 23 septembre \u00e0\u00a0la mission de Palestine \u00e0 Paris, pour \u00e9couter l&rsquo;ambassadrice, au lendemain du geste fran\u00e7ais, qu&rsquo;elle a qualifi\u00e9 d&rsquo;\u00ab\u00a0historique\u00a0\u00bb.<\/p>\n<p class=\"mb-4 text-lg md:leading-8 break-words\">Dix pays, dont la France, ont donc reconnu l&rsquo;\u00c9tat palestinien ces derniers jours. Des membres permanents du Conseil de s\u00e9curit\u00e9 de l&rsquo;ONU, des pays du G7, des pays de l&rsquo;Union europ\u00e9enne&#8230;\u00a0Une s\u00e9rie de gestes forts pr\u00e9sent\u00e9s comme le moyen de pr\u00e9server la solution de paix \u00e0 deux \u00c9tats, Isra\u00ebl et Palestine.<\/p>\n<p class=\"mb-4 text-lg md:leading-8 break-words\">Hala Abou Hassira \u00ab\u00a0salue \u00bb la reconnaissance par la France de l&rsquo;\u00c9tat de Palestine. Mais aussit\u00f4t, l&rsquo;ambassadrice en France rappelle le contexte \u00ab\u00a0tragique\u00a0\u00bb actuel, la guerre \u00e0 Gaza et la <a href=\"https:\/\/fr.news.yahoo.com\/plong%C3%A9e-zone-e1-colonie-voulue-181419302.html\" data-ylk=\"slk:colonisation en Cisjordanie;elm:context_link;itc:0;sec:content-canvas;outcm:mb_qualified_link;_E:mb_qualified_link;ct:story;\" class=\"link  yahoo-link\" target=\"_blank\" rel=\"noopener\"><strong>colonisation en Cisjordanie<\/strong><\/a>. \u00c0 ses yeux, cette reconnaissance doit donc \u00eatre accompagn\u00e9e d&rsquo;actions, comprendre par l\u00e0 de sanctions, notamment de la part de l&rsquo;Union europ\u00e9enne, pour faire pression sur Isra\u00ebl.<\/p>\n<p class=\"mb-4 text-lg md:leading-8 break-words\">\u00ab\u00a0On ne peut pas r\u00e9pondre \u00e0 une occupation, \u00e0 une colonisation, au nettoyage ethnique et au g\u00e9nocide par des sanctions partielles. Il faut des sanctions compl\u00e8tes, la rupture totale de l&rsquo;accord d&rsquo;association. C&rsquo;est le moment\u00a0\u00bb, a-t-elle d\u00e9clar\u00e9 lors de sa prise de parole.<\/p>\n<p>Pour l&rsquo;heure, on en reste \u00e0 la\u00a0\u00ab\u00a0Mission de Palestine en France\u00a0\u00bb<\/p>\n<p class=\"mb-4 text-lg md:leading-8 break-words\">Emmanuel Macron a annonc\u00e9 lundi depuis New York que l&rsquo;ouverture d&rsquo;une ambassade de France aupr\u00e8s de l&rsquo;\u00c9tat de Palestine serait conditionn\u00e9e \u00e0 la lib\u00e9ration des otages isra\u00e9liens restant retenus \u00e0 Gaza. Et en ce qui concerne, dans l&rsquo;autre sens, la repr\u00e9sentation diplomatique palestinienne en France, Hala Abou Hassira reste pour l&rsquo;instant une ambassadrice sans ambassade.<\/p>\n<p class=\"mb-4 text-lg md:leading-8 break-words\">\u00ab\u00a0Il est naturel, plaide-t-elle, que suite \u00e0 une reconnaissance, des relations mutuelles soient \u00e9tablies, que des repr\u00e9sentations politiques et diplomatiques mutuelles soient cr\u00e9\u00e9es. Nous allons attendre que la France officialise la reconnaissance et qu&rsquo;elle pr\u00e9cise les \u00e9tapes \u00e0 suivre concernant les repr\u00e9sentations diplomatiques.\u00a0\u00bb<\/p>\n<p class=\"mb-4 text-lg md:leading-8 break-words\">Jusqu&rsquo;\u00e0 nouvel ordre, la plaque \u00e0 l&rsquo;entr\u00e9e de ce b\u00e2timent officiel, dans la capitale fran\u00e7aise, continue donc de mentionner la \u00ab\u00a0Mission de Palestine en France \u00bb, alors que la reconnaissance de l&rsquo;\u00c9tat palestinien par la France, parmi d&rsquo;autres pays, reste\u00a0rejet\u00e9e avec force par l&rsquo;\u00c9tat h\u00e9breu <a href=\"https:\/\/fr.news.yahoo.com\/reconnaissance-palestine-entre-isra%C3%ABl-%C3%A9tats-044726054.html\" data-ylk=\"slk:et son alli\u00e9 am\u00e9ricain;elm:context_link;itc:0;sec:content-canvas;outcm:mb_qualified_link;_E:mb_qualified_link;ct:story;\" class=\"link  yahoo-link\" target=\"_blank\" rel=\"noopener\"><strong>et son alli\u00e9 am\u00e9ricain<\/strong><\/a>. Isra\u00ebl a promis des repr\u00e9sailles, qui ne devraient \u00eatre annonc\u00e9es qu&rsquo;apr\u00e8s la visite de Benyamin Netanyahu \u00e0 Washington, la semaine prochaine.<\/p>\n<p class=\"mb-4 text-lg md:leading-8 break-words\">L&rsquo;une des options envisag\u00e9es, c&rsquo;est <a href=\"https:\/\/fr.news.yahoo.com\/isra%C3%ABl-seules-voix-comprennent-reconnaissance-175335932.html\" data-ylk=\"slk:la fermeture du consulat g\u00e9n\u00e9ral de France \u00e0 J\u00e9rusalem;elm:context_link;itc:0;sec:content-canvas;outcm:mb_qualified_link;_E:mb_qualified_link;ct:story;\" class=\"link  yahoo-link\" target=\"_blank\" rel=\"noopener\"><strong>la fermeture du consulat g\u00e9n\u00e9ral de France \u00e0 J\u00e9rusalem<\/strong><\/a>, \u00e9voqu\u00e9e par la vice-ministre isra\u00e9lienne des Affaires \u00e9trang\u00e8res. Un lieu hautement symbolique, institution singuli\u00e8re dans le dispositif de la diplomatie fran\u00e7aise.<\/p>\n<p class=\"mb-4 text-lg md:leading-8 break-words\">\u00c0R\u00e9 lire aussi<a href=\"https:\/\/www.rfi.fr\/fr\/podcasts\/invit\u00e9-international\/20250922-isra\u00ebl-face-\u00e0-la-mobilisation-occidentale-pour-reconna\u00eetre-l-\u00e9tat-de-palestine\" class=\"link \" rel=\"nofollow noopener\" target=\"_blank\" data-ylk=\"slk:Isra\u00ebl face \u00e0 la mobilisation occidentale pour reconna\u00eetre l\u2019\u00c9tat de Palestine;elm:context_link;itc:0;sec:content-canvas\">Isra\u00ebl face \u00e0 la mobilisation occidentale pour reconna\u00eetre l\u2019\u00c9tat de Palestine<\/a><\/p>\n","protected":false},"excerpt":{"rendered":"Comment la diplomatie palestinienne se positionne-t-elle, apr\u00e8s la reconnaissance, par une dizaine de pays, de l&rsquo;\u00c9tat de Palestine\u00a0?&hellip;\n","protected":false},"author":2,"featured_media":413419,"comment_status":"","ping_status":"","sticky":false,"template":"","format":"standard","meta":{"footnotes":""},"categories":[1888],"tags":[1111,1928,11,1927,54406,1777,674,1011,27,54405,12,1926,3518,626,1925,25],"class_list":{"0":"post-413418","1":"post","2":"type-post","3":"status-publish","4":"format-standard","5":"has-post-thumbnail","7":"category-paris","8":"tag-actu","9":"tag-actu-paris","10":"tag-actualites","11":"tag-actualites-paris","12":"tag-ambassade-de-france","13":"tag-eu","14":"tag-europe","15":"tag-fr","16":"tag-france","17":"tag-israel-et-palestine","18":"tag-news","19":"tag-news-paris","20":"tag-palestine","21":"tag-paris","22":"tag-paris-news","23":"tag-republique-francaise"},"share_on_mastodon":{"url":"https:\/\/pubeurope.com\/@fr\/115257051988733769","error":""},"_links":{"self":[{"href":"https:\/\/www.europesays.com\/fr\/wp-json\/wp\/v2\/posts\/413418","targetHints":{"allow":["GET"]}}],"collection":[{"href":"https:\/\/www.europesays.com\/fr\/wp-json\/wp\/v2\/posts"}],"about":[{"href":"https:\/\/www.europesays.com\/fr\/wp-json\/wp\/v2\/types\/post"}],"author":[{"embeddable":true,"href":"https:\/\/www.europesays.com\/fr\/wp-json\/wp\/v2\/users\/2"}],"replies":[{"embeddable":true,"href":"https:\/\/www.europesays.com\/fr\/wp-json\/wp\/v2\/comments?post=413418"}],"version-history":[{"count":0,"href":"https:\/\/www.europesays.com\/fr\/wp-json\/wp\/v2\/posts\/413418\/revisions"}],"wp:featuredmedia":[{"embeddable":true,"href":"https:\/\/www.europesays.com\/fr\/wp-json\/wp\/v2\/media\/413419"}],"wp:attachment":[{"href":"https:\/\/www.europesays.com\/fr\/wp-json\/wp\/v2\/media?parent=413418"}],"wp:term":[{"taxonomy":"category","embeddable":true,"href":"https:\/\/www.europesays.com\/fr\/wp-json\/wp\/v2\/categories?post=413418"},{"taxonomy":"post_tag","embeddable":true,"href":"https:\/\/www.europesays.com\/fr\/wp-json\/wp\/v2\/tags?post=413418"}],"curies":[{"name":"wp","href":"https:\/\/api.w.org\/{rel}","templated":true}]}}