{"id":413422,"date":"2025-09-24T03:04:21","date_gmt":"2025-09-24T03:04:21","guid":{"rendered":"https:\/\/www.europesays.com\/fr\/413422\/"},"modified":"2025-09-24T03:04:21","modified_gmt":"2025-09-24T03:04:21","slug":"un-tgv-percute-des-pierres-issues-dun-chantier-jusqua-3-heures-de-retard-entre-paris-et-louest-de-la-france","status":"publish","type":"post","link":"https:\/\/www.europesays.com\/fr\/413422\/","title":{"rendered":"Un TGV percute des pierres issues d\u2019un chantier, jusqu\u2019\u00e0 3 heures de retard entre Paris et l\u2019ouest de la France"},"content":{"rendered":"<p>\u00abLa circulation des trains a repris sur toutes les voies mais des retards r\u00e9siduels restent \u00e0 pr\u00e9voir jusqu\u2019en fin de soir\u00e9e\u00bb, indiquait la SNCF sur son site SNCF Connect vers 18h15.<\/p>\n<p class=\"fig-paragraph\">Une soir\u00e9e gal\u00e8re s\u2019annonce pour les voyageurs qui comptaient emprunter un train \u00e0 Paris pour rejoindre l\u2019ouest de la France. Un\u00a0<a href=\"http:\/\/www.lefigaro.fr\/social\/profite-bien-du-chomage-dans-le-tgv-il-entend-une-rh-suggerer-un-licenciement-et-previent-le-salarie-concerne-20250920\" target=\"_blank\" data-fig-type=\"NewsFlash\" rel=\"noopener\" data-gtm-custom-categorie=\"navigation\" data-gtm-custom-action=\"crossclick\" data-gtm-custom-label=\"Contextuel\" data-gtm-event=\"customEventSPE\" data-fig-domain=\"LEFIGARO\">TGV<\/a>\u00a0a percut\u00e9 des pierres issues d\u2019un chantier ce mardi apr\u00e8s-midi entre la gare Montparnasse et celle de Massy, dans l\u2019Essonne. R\u00e9sultat, la circulation des trains est fortement perturb\u00e9e au d\u00e9part de la gare parisienne, avec de gros retards \u00e0 d\u00e9plorer.<\/p>\n<p class=\"fig-paragraph\">Contrairement \u00e0 ce qui est mentionn\u00e9 sur le site Internet de la SNCF, a indiqu\u00e9 un porte-parole du groupe \u00e0 l\u2019AFP mardi soir, il ne s\u2019agirait pas d\u2019un \u00abbloc de b\u00e9ton\u00bb, mais de \u00abquelques pierres\u00bb tomb\u00e9es en d\u00e9but d\u2019apr\u00e8s-midi sur la voie en marge d\u2019un chantier, \u00ab\u00e0 5 ou 6 kilom\u00e8tres\u00bb au sud de la gare Montparnasse.<\/p>\n<p>                                    <a class=\"fig-a11y-skip a11y-hidden\" href=\"#fig-a11y-skip-main-inarticle\"><br \/>\n        Passer la publicit\u00e9<br \/>\n    <\/a><\/p>\n<p>Des retards allant jusqu\u2019\u00e0 3 heures<\/p>\n<p class=\"fig-paragraph\">Le conducteur a stopp\u00e9 son train et \u00e9t\u00e9 contraint de faire demi-tour. Ainsi, pendant une partie de l\u2019apr\u00e8s-midi, la circulation des trains n\u2019a \u00e9t\u00e9 possible que sur une seule voie dans les deux sens de circulation et \u00e0 faible vitesse. \u00abLa circulation des trains a repris sur toutes les voies mais des retards r\u00e9siduels restent \u00e0 pr\u00e9voir jusqu\u2019en fin de soir\u00e9e\u00bb, indiquait la SNCF sur son site SNCF Connect vers 18h15.<\/p>\n<p class=\"fig-paragraph\">Les trains ont affich\u00e9 des retards allant jusqu\u2019\u00e0 3 heures, \u00e0 l\u2019image du TGV de 16h06 vers Bordeaux Saint-Jean. Le Paris-Nantes pr\u00e9vu \u00e0 16h39 est parti 2h10 plus tard. Le TGV de 17h51 qui devait aller jusqu\u2019\u00e0 Saint-Nazaire s\u2019arr\u00eatera finalement \u00e0 Nantes, avec un retard de 2 heures \u00e0 l\u2019arriv\u00e9e. Le Paris-Toulouse et le Paris-Tarbes de 18h11 accusent 1h30 de retard. Idem pour le Paris-Saint-Malo de 18h15. Tous les TGV pr\u00e9vus ce soir au d\u00e9part de la gare Montparnasse devraient donc partir avec du retard.<\/p>\n","protected":false},"excerpt":{"rendered":"\u00abLa circulation des trains a repris sur toutes les voies mais des retards r\u00e9siduels restent \u00e0 pr\u00e9voir jusqu\u2019en&hellip;\n","protected":false},"author":2,"featured_media":413423,"comment_status":"","ping_status":"","sticky":false,"template":"","format":"standard","meta":{"footnotes":""},"categories":[1888],"tags":[11,1777,674,1011,27,12,626,25,2215,2214],"class_list":{"0":"post-413422","1":"post","2":"type-post","3":"status-publish","4":"format-standard","5":"has-post-thumbnail","7":"category-paris","8":"tag-actualites","9":"tag-eu","10":"tag-europe","11":"tag-fr","12":"tag-france","13":"tag-news","14":"tag-paris","15":"tag-republique-francaise","16":"tag-sncf","17":"tag-tgv"},"share_on_mastodon":{"url":"https:\/\/pubeurope.com\/@fr\/115257060045371706","error":""},"_links":{"self":[{"href":"https:\/\/www.europesays.com\/fr\/wp-json\/wp\/v2\/posts\/413422","targetHints":{"allow":["GET"]}}],"collection":[{"href":"https:\/\/www.europesays.com\/fr\/wp-json\/wp\/v2\/posts"}],"about":[{"href":"https:\/\/www.europesays.com\/fr\/wp-json\/wp\/v2\/types\/post"}],"author":[{"embeddable":true,"href":"https:\/\/www.europesays.com\/fr\/wp-json\/wp\/v2\/users\/2"}],"replies":[{"embeddable":true,"href":"https:\/\/www.europesays.com\/fr\/wp-json\/wp\/v2\/comments?post=413422"}],"version-history":[{"count":0,"href":"https:\/\/www.europesays.com\/fr\/wp-json\/wp\/v2\/posts\/413422\/revisions"}],"wp:featuredmedia":[{"embeddable":true,"href":"https:\/\/www.europesays.com\/fr\/wp-json\/wp\/v2\/media\/413423"}],"wp:attachment":[{"href":"https:\/\/www.europesays.com\/fr\/wp-json\/wp\/v2\/media?parent=413422"}],"wp:term":[{"taxonomy":"category","embeddable":true,"href":"https:\/\/www.europesays.com\/fr\/wp-json\/wp\/v2\/categories?post=413422"},{"taxonomy":"post_tag","embeddable":true,"href":"https:\/\/www.europesays.com\/fr\/wp-json\/wp\/v2\/tags?post=413422"}],"curies":[{"name":"wp","href":"https:\/\/api.w.org\/{rel}","templated":true}]}}