{"id":413424,"date":"2025-09-24T03:05:22","date_gmt":"2025-09-24T03:05:22","guid":{"rendered":"https:\/\/www.europesays.com\/fr\/413424\/"},"modified":"2025-09-24T03:05:22","modified_gmt":"2025-09-24T03:05:22","slug":"lotan-avertit-la-russie-quelle-utilisera-les-outils-necessaires-pour-se-defendre","status":"publish","type":"post","link":"https:\/\/www.europesays.com\/fr\/413424\/","title":{"rendered":"L&rsquo;OTAN avertit la Russie qu&rsquo;elle utilisera les \u00ab\u00a0outils n\u00e9cessaires\u00a0\u00bb pour se d\u00e9fendre"},"content":{"rendered":"<p class=\"mb-4 text-lg md:leading-8 break-words\">L\u2019OTAN a lanc\u00e9 un avertissement \u00e0 Moscou mardi, d\u00e9clarant que l&rsquo;alliance utiliserait tous les moyens \u00ab\u00a0dans le cadre du droit international\u00a0\u00bb, pour se d\u00e9fendre contre toute nouvelle violation de son espace a\u00e9rien apr\u00e8s l&rsquo;abattage de drones russes au-dessus de la Pologne au d\u00e9but du mois et l&rsquo;intrusion d&rsquo;avions de combat russes en Estonie la semaine derni\u00e8re.<\/p>\n<p class=\"mb-4 text-lg md:leading-8 break-words\">L&rsquo;incident du 10 septembre en Pologne a \u00e9t\u00e9 le premier affrontement direct entre l&rsquo;OTAN et la Russie depuis l&rsquo;invasion massive de l&rsquo;Ukraine au d\u00e9but de l&rsquo;ann\u00e9e 2022.<\/p>\n<p class=\"mb-4 text-lg md:leading-8 break-words\">L&rsquo;Estonie a d\u00e9clar\u00e9 le vendredi 19 septembre que trois chasseurs russes MiG-31 avaient viol\u00e9 son espace a\u00e9rien pendant 12 minutes, une accusation que le Kremlin a rejet\u00e9e.<\/p>\n<p class=\"mb-4 text-lg md:leading-8 break-words\">Ces incidents ont provoqu\u00e9 une vive inqui\u00e9tude parmi les dirigeants europ\u00e9ens, soulevant des questions quant \u00e0 la capacit\u00e9 de L\u2019OTAN \u00e0 faire face \u00e0 l&rsquo;agression croissante de la Russie.<\/p>\n<p><img alt=\"Un chasseur MiG-31 de l'arm\u00e9e de l'air russe d\u00e9colle d'une base a\u00e9rienne dans la r\u00e9gion de Tver, le 14 f\u00e9vrier 2022.\" loading=\"lazy\" width=\"808\" height=\"539\" decoding=\"async\" data-nimg=\"1\" class=\"rounded-lg\" style=\"color:transparent\" src=\"https:\/\/www.europesays.com\/fr\/wp-content\/uploads\/2025\/09\/2097971932cd6fed6e17a2a522662288.jpeg\"\/><\/p>\n<p> Un chasseur MiG-31 de l&rsquo;arm\u00e9e de l&rsquo;air russe d\u00e9colle d&rsquo;une base a\u00e9rienne dans la r\u00e9gion de Tver, le 14 f\u00e9vrier 2022.   &#8211; AP Photo <\/p>\n<p class=\"mb-4 text-lg md:leading-8 break-words\">\u00ab\u00a0La Russie ne doit avoir aucun doute : L&rsquo;OTAN et les Alli\u00e9s emploieront, conform\u00e9ment au droit international, tous les outils militaires et non militaires n\u00e9cessaires pour nous d\u00e9fendre et dissuader toutes les menaces venant de toutes les directions\u00a0\u00bb, a d\u00e9clar\u00e9 l&rsquo;Alliance dans un communiqu\u00e9.<\/p>\n<p class=\"mb-4 text-lg md:leading-8 break-words\">\u00ab\u00a0Nous continuerons \u00e0 r\u00e9agir selon les modalit\u00e9s, le calendrier et dans les domaines de notre choix\u00a0\u00bb, a d\u00e9clar\u00e9 l&rsquo;OTAN, soulignant son engagement envers l&rsquo;article 5 de son trait\u00e9 fondateur, selon lequel une attaque contre l&rsquo;un de ses membres doit \u00eatre consid\u00e9r\u00e9e comme une attaque contre tous.<\/p>\n<p class=\"mb-4 text-lg md:leading-8 break-words\">L&rsquo;Alliance atlantique n&rsquo;a fourni aucun d\u00e9tail sur les mesures qu&rsquo;elle pourrait prendre.<\/p>\n<p class=\"mb-4 text-lg md:leading-8 break-words\">Cette d\u00e9claration intervient apr\u00e8s que l&rsquo;Estonie a demand\u00e9 des consultations officielles au titre de l&rsquo;article 4 du trait\u00e9 de l&rsquo;OTAN, qui pr\u00e9voit une r\u00e9union chaque fois que, de l&rsquo;avis de l&rsquo;un de ses membres, son int\u00e9grit\u00e9 territoriale, son ind\u00e9pendance politique ou sa s\u00e9curit\u00e9 sont menac\u00e9es.<\/p>\n<p class=\"mb-4 text-lg md:leading-8 break-words\"><b class=\"c-widget-related__title__text\">Related<\/b><\/p>\n<p class=\"mb-4 text-lg md:leading-8 break-words\">Lundi, le premier ministre Donald Tusk a d\u00e9clar\u00e9 que Varsovie abattrait \u00ab\u00a0sans discussion\u00a0\u00bb les objets volants qui violeraient le territoire polonais.<\/p>\n<p class=\"mb-4 text-lg md:leading-8 break-words\">Il n&rsquo;est pas certain que les autres alli\u00e9s approuvent cette approche.<\/p>\n<p class=\"mb-4 text-lg md:leading-8 break-words\">\u00c0 la suite de la violation de l&rsquo;espace a\u00e9rien polonais, le secr\u00e9taire g\u00e9n\u00e9ral de l&rsquo;OTAN, Mark Rutte, a annonc\u00e9 <a href=\"https:\/\/fr.news.yahoo.com\/eastern-sentry-chef-lotan-annonce-162003121.html\" data-ylk=\"slk:la cr\u00e9ation du programme &quot;Sentinelle orientale&quot;;elm:context_link;itc:0;sec:content-canvas;outcm:mb_qualified_link;_E:mb_qualified_link;ct:story;\" class=\"link  yahoo-link\" target=\"_blank\" rel=\"noopener\">la cr\u00e9ation du programme \u00ab\u00a0Sentinelle orientale\u00a0\u00bb<\/a>, qui vise \u00e0 d\u00e9courager de nouvelles incursions russes et \u00e0 t\u00e9moigner de la solidarit\u00e9 avec la Pologne.<\/p>\n<p class=\"mb-4 text-lg md:leading-8 break-words\">\u00ab\u00a0Nous voyons des drones violer notre espace a\u00e9rien. Que ce soit intentionnel ou non, c&rsquo;est inacceptable. Les alli\u00e9s ont exprim\u00e9 leur enti\u00e8re solidarit\u00e9 avec la Pologne. Il est essentiel de contrer l&rsquo;agression et de d\u00e9fendre chaque membre de l&rsquo;Alliance\u00a0\u00bb, a d\u00e9clar\u00e9 le chef de l&rsquo;OTAN.<\/p>\n<p><img alt=\"Dommages sur une maison en Pologne, pr\u00e8s de Lublin, le 11 septembre 2025.\" loading=\"lazy\" width=\"808\" height=\"539\" decoding=\"async\" data-nimg=\"1\" class=\"rounded-lg\" style=\"color:transparent\" src=\"https:\/\/www.europesays.com\/fr\/wp-content\/uploads\/2025\/09\/cb7fbc03128ca7f301e575d8f6c3ccfc.jpeg\"\/><\/p>\n<p> Dommages sur une maison en Pologne, pr\u00e8s de Lublin, le 11 septembre 2025.   &#8211; AP Photo <\/p>\n<p>Incidents au Danemark et en Norv\u00e8ge<\/p>\n<p class=\"mb-4 text-lg md:leading-8 break-words\">La Premi\u00e8re ministre danoise, Mette Frederiksen, a d\u00e9clar\u00e9 mardi que l&rsquo;implication de la Russie ne pouvait \u00eatre exclue apr\u00e8s que l&rsquo;a\u00e9roport de Copenhague a \u00e9t\u00e9 <a href=\"https:\/\/fr.news.yahoo.com\/la%C3%A9roport-copenhague-temporairement-ferm%C3%A9-apr%C3%A8s-042853260.html\" data-ylk=\"slk:contraint de fermer pendant plusieurs heures;elm:context_link;itc:0;sec:content-canvas;outcm:mb_qualified_link;_E:mb_qualified_link;ct:story;\" class=\"link  yahoo-link\" target=\"_blank\" rel=\"noopener\">contraint de fermer pendant plusieurs heures<\/a> dans la nuit de lundi \u00e0 mardi \u00e0 la suite de la d\u00e9tection d&rsquo;un certain nombre de drones.<\/p>\n<p class=\"mb-4 text-lg md:leading-8 break-words\">\u00ab\u00a0Cela en dit long sur l&rsquo;\u00e9poque dans laquelle nous vivons et sur ce \u00e0 quoi nous devons nous pr\u00e9parer en tant que soci\u00e9t\u00e9\u00a0\u00bb, a d\u00e9clar\u00e9 la cheffe du gouvernement.<\/p>\n<p class=\"mb-4 text-lg md:leading-8 break-words\">Le porte-parole du Kremlin, Dmitri Peskov, a qualifi\u00e9 ces all\u00e9gations d'\u00a0\u00bbinfond\u00e9es\u00a0\u00bb.<\/p>\n<p><img alt=\"Patrouille de police danoise \u00e0 l'a\u00e9roport de Copenhague, 22 septembre 2025\" loading=\"lazy\" width=\"808\" height=\"546\" decoding=\"async\" data-nimg=\"1\" class=\"rounded-lg\" style=\"color:transparent\" src=\"https:\/\/www.europesays.com\/fr\/wp-content\/uploads\/2025\/09\/419b5f2f04b765ee9115010ccca0dd47.jpeg\"\/><\/p>\n<p> Patrouille de police danoise \u00e0 l&rsquo;a\u00e9roport de Copenhague, 22 septembre 2025   &#8211; AP Photo <\/p>\n<p class=\"mb-4 text-lg md:leading-8 break-words\">Dans la nuit de lundi \u00e0 mardi, l&rsquo;a\u00e9roport d&rsquo;Oslo, en Norv\u00e8ge, a \u00e9t\u00e9 ferm\u00e9 pendant trois heures apr\u00e8s que des drones ont \u00e9t\u00e9 aper\u00e7us.<\/p>\n<p class=\"mb-4 text-lg md:leading-8 break-words\">Selon les autorit\u00e9s, la Russie aurait viol\u00e9 l&rsquo;espace a\u00e9rien norv\u00e9gien \u00e0 trois reprises en 2025, mais on ignore encore si l&rsquo;incident de lundi \u00e9tait d\u00e9lib\u00e9r\u00e9 ou s&rsquo;il r\u00e9sultait d&rsquo;une erreur de navigation.<\/p>\n<p class=\"mb-4 text-lg md:leading-8 break-words\">\u00ab\u00a0Quelle qu&rsquo;en soit la cause, c&rsquo;est inacceptable\u00a0\u00bb, a martel\u00e9 le Premier ministre norv\u00e9gien Jonas Gahr St\u00f8re.<\/p>\n","protected":false},"excerpt":{"rendered":"L\u2019OTAN a lanc\u00e9 un avertissement \u00e0 Moscou mardi, d\u00e9clarant que l&rsquo;alliance utiliserait tous les moyens \u00ab\u00a0dans le cadre&hellip;\n","protected":false},"author":2,"featured_media":413425,"comment_status":"","ping_status":"","sticky":false,"template":"","format":"standard","meta":{"footnotes":""},"categories":[1591],"tags":[11,39123,1887,12,1885,1886,132],"class_list":{"0":"post-413424","1":"post","2":"type-post","3":"status-publish","4":"format-standard","5":"has-post-thumbnail","7":"category-russie","8":"tag-actualites","9":"tag-espace-aerien","10":"tag-federation-de-russie","11":"tag-news","12":"tag-russia","13":"tag-russian-federation","14":"tag-russie"},"share_on_mastodon":{"url":"https:\/\/pubeurope.com\/@fr\/115257064747639623","error":""},"_links":{"self":[{"href":"https:\/\/www.europesays.com\/fr\/wp-json\/wp\/v2\/posts\/413424","targetHints":{"allow":["GET"]}}],"collection":[{"href":"https:\/\/www.europesays.com\/fr\/wp-json\/wp\/v2\/posts"}],"about":[{"href":"https:\/\/www.europesays.com\/fr\/wp-json\/wp\/v2\/types\/post"}],"author":[{"embeddable":true,"href":"https:\/\/www.europesays.com\/fr\/wp-json\/wp\/v2\/users\/2"}],"replies":[{"embeddable":true,"href":"https:\/\/www.europesays.com\/fr\/wp-json\/wp\/v2\/comments?post=413424"}],"version-history":[{"count":0,"href":"https:\/\/www.europesays.com\/fr\/wp-json\/wp\/v2\/posts\/413424\/revisions"}],"wp:featuredmedia":[{"embeddable":true,"href":"https:\/\/www.europesays.com\/fr\/wp-json\/wp\/v2\/media\/413425"}],"wp:attachment":[{"href":"https:\/\/www.europesays.com\/fr\/wp-json\/wp\/v2\/media?parent=413424"}],"wp:term":[{"taxonomy":"category","embeddable":true,"href":"https:\/\/www.europesays.com\/fr\/wp-json\/wp\/v2\/categories?post=413424"},{"taxonomy":"post_tag","embeddable":true,"href":"https:\/\/www.europesays.com\/fr\/wp-json\/wp\/v2\/tags?post=413424"}],"curies":[{"name":"wp","href":"https:\/\/api.w.org\/{rel}","templated":true}]}}