{"id":413434,"date":"2025-09-24T03:11:13","date_gmt":"2025-09-24T03:11:13","guid":{"rendered":"https:\/\/www.europesays.com\/fr\/413434\/"},"modified":"2025-09-24T03:11:13","modified_gmt":"2025-09-24T03:11:13","slug":"volt-faisons-de-strasbourg-la-veritable-capitale-des-europeens","status":"publish","type":"post","link":"https:\/\/www.europesays.com\/fr\/413434\/","title":{"rendered":"Volt : faisons de Strasbourg la v\u00e9ritable capitale des Europ\u00e9ens"},"content":{"rendered":"<p>\u00c0 l\u2019occasion des \u00e9lections municipales de 2026, l\u2019\u00e9quipe strasbourgeoise du parti f\u00e9d\u00e9raliste paneurop\u00e9en Volt a souhait\u00e9 faire siennes les propositions de la campagne \u00ab\u00a0Union europ\u00e9enne des territoires\u00a0\u00bb de Sauvons l\u2019Europe. Dans cette tribune, Volt Strasbourg justifie ce parti pris en faveur du sujet europ\u00e9en dans le cadre d\u2019une campagne aux enjeux locaux, et explique en quoi ces derniers sont \u00e9galement un d\u00e9fi europ\u00e9en.<\/p>\n<p>Strasbourg est une ville europ\u00e9enne mais n\u2019a pas encore r\u00e9ellement atteint le statut de capitale. Pourtant, tout dans son histoire devrait en faire une ville incontournable : centre r\u00e9gional et commercial de premier plan depuis le Saint-Empire romain germanique, victime syst\u00e9matique des conflits europ\u00e9ens ayant meurtri notre continent, creuset de cultures crois\u00e9es. La ville symbolise aujourd\u2019hui la r\u00e9conciliation entre les anciennes ennemies jur\u00e9es que sont la France et l\u2019Allemagne. <\/p>\n<p>Si\u00e8ge de la plus vieille organisation internationale encore active au monde, la Commission centrale pour la navigation du Rhin \u00e9tablie en 1815, Strasbourg h\u00e9berge une multiplicit\u00e9 d\u2019organisations et institutions internationales et europ\u00e9ennes : Conseil de l\u2019Europe et Cour europ\u00e9enne des Droits de l\u2019Homme, M\u00e9diateur europ\u00e9en, Arte. Ce dynamisme international lui permet de rejoindre, aux c\u00f4t\u00e9s de New York, Gen\u00e8ve et Francfort, le club restreint des villes non-capitales h\u00e9bergeant un \u00e9cosyst\u00e8me international. Plusieurs dizaines de milliers de citoyennes et citoyens europ\u00e9ens y r\u00e9sident \u00e0 ce titre, outre un tissu associatif (pro)europ\u00e9en remarquable.<\/p>\n<p>Pourtant, la capitale alsacienne doit encore atteindre son plein potentiel. Strasbourg reste plus fran\u00e7aise, ou franco-allemande, qu\u2019europ\u00e9enne. S\u2019il est d\u00e9sormais possible de rejoindre Paris en moins de deux heures, les liaisons avec les autres capitales europ\u00e9ennes \u2013 Bruxelles, Luxembourg, Berlin \u2013 sont encore trop rares ou difficiles et souvent indirectes. L\u2019accueil des citoyennes et citoyens europ\u00e9ens \u2013 parfois non-francophones \u2013 s\u2019installant \u00e0 Strasbourg reste insuffisamment adapt\u00e9. La ville et sa m\u00e9tropole manquent d\u2019atouts pour faire venir sur leur territoire des entreprises innovantes dans les secteurs de pointe et des entreprises travaillant en partenariat avec d\u2019autres pays europ\u00e9ens.<\/p>\n<p>La situation politique en atteste \u00e9galement : aux \u00e9lections europ\u00e9ennes de 2024, les partis proeurop\u00e9ens ou f\u00e9d\u00e9ralistes y ont r\u00e9alis\u00e9 un score \u00e9quivalent \u00e0 celui d\u2019autres grandes villes \u00e9quivalentes, comme Nantes, Bordeaux, Toulouse ou Lille, sans se d\u00e9marquer par \u00ab\u00a0un regain d\u2019europhilie\u00a0\u00bb.<\/p>\n<p>L\u2019Europe est plus que jamais un sujet local<\/p>\n<p>Porter une voix politique authentiquement europ\u00e9enne ou f\u00e9d\u00e9raliste peut porter \u00e0 sourire, alors que les prochains rendez-vous \u00e9lectoraux \u2013 hors dissolution \u2013 seront les plus locaux de notre vie publique. \u00ab\u00a0Vous n\u2019allez quand m\u00eame pas parler d\u2019arm\u00e9e europ\u00e9enne et de directives bruxelloises aux Strasbourgeois ?\u00a0\u00bb nous demandait, terrifi\u00e9, un fin connaisseur de la politique locale lorsque nous lui parlions de l\u2019ambition de Volt de porter l\u2019Europe dans la campagne municipale. <\/p>\n<p>Avant lui, d\u2019autres s\u2019\u00e9taient \u00e9tonn\u00e9s de voir un parti comme le n\u00f4tre \u2013 f\u00e9d\u00e9raliste, paneurop\u00e9en, progressiste, \u00e9cologiste \u2013 actif au niveau local ; comme si porter une ambition f\u00e9d\u00e9raliste nous contraignait \u00e0 nous cantonner aux \u00e9lections europ\u00e9ennes, une fois tous les cinq ans. Une question que l\u2019on ne pose pourtant plus \u00e0 nos quelque 200 conseillers municipaux et r\u00e9gionaux en Allemagne, aux Pays-Bas, en Roumanie, en Italie, au Portugal.<\/p>\n<p>Les forces politiques locales restent timides sur le sujet europ\u00e9en. \u00ab\u00a0Strasbourg, capitale europ\u00e9enne\u00a0\u00bb est un slogan, marque d\u00e9pos\u00e9e de surcro\u00eet, davantage un totem que le point de d\u00e9part d\u2019une politique publique. Les propositions politiques insistent avant tout sur le maintien du si\u00e8ge strasbourgeois du Parlement europ\u00e9en \u2013 comme si l\u2019emprise du b\u00e2timent Louise Weiss sur les bords de l\u2019Ill devait \u00eatre l\u2019alpha et l\u2019om\u00e9ga du caract\u00e8re continental de notre ville. Hormis quelques propositions de festivals internationaux et de congr\u00e8s annuels, le sujet ne semble pas \u00eatre \u00e0 l\u2019ordre du jour.<\/p>\n<p>L\u00e0 est la question que nous souhaitons poser dans la capitale alsacienne : avons-nous \u00e0 Strasbourg les atouts et le rayonnement d\u2019une vraie \u00ab\u00a0capitale\u00a0\u00bb de l\u2019Europe ? Ses infrastructures de transport, d\u2019h\u00e9bergement, de culture et de recherche sont-elles \u00e0 la hauteur de sa vocation ? Comment favoriser la synergie entre les institutions europ\u00e9ennes et le reste de Strasbourg ? Et plus fondamentalement, Strasbourg incarne-t-elle le mod\u00e8le de ville europ\u00e9enne du 21e si\u00e8cle que nous devrions collectivement penser et construire ? <\/p>\n<p>\u00catre f\u00e9d\u00e9raliste, comme Volt, ne revient aucunement \u00e0 vouloir un super-\u00c9tat europ\u00e9en, d\u00e9cidant de tout en toute occasion. C\u2019est au contraire appeler \u00e0 ce que la d\u00e9cision soit prise au niveau le plus local possible. F\u00e9d\u00e9raliste est souvent qualifi\u00e9 d\u2019utopiste. Nous voulons justement faire de Strasbourg \u00ab\u00a0une Eurotopie\u00a0\u00bb, au sens de \u00ab\u00a0l\u2019espace de rencontre, de r\u00e9flexion et de discussion\u00a0\u00bb que Giuliano da Empoli voulait faire de Bruxelles dans ses <a href=\"https:\/\/legrandcontinent.eu\/fr\/2020\/07\/06\/sept-idees-pour-un-plan-de-relance-culturel-de-lunion\/\" rel=\"nofollow noopener\" target=\"_blank\">Sept id\u00e9es pour un plan de relance culturel de l\u2019Union<\/a>.<\/p>\n<p>Pourquoi nous ferons campagne pour l\u2019Union europ\u00e9enne des territoires \u00e0 Strasbourg<\/p>\n<p>Dans le cadre d\u2019une campagne favorisant n\u00e9cessairement les grands partis nationaux aux ressources cons\u00e9quentes, nous cherchons dans d\u2019autres pays et \u00c9tats des solutions et meilleures pratiques pouvant \u00eatre transpos\u00e9es et r\u00e9pliqu\u00e9es. Nous souhaitons nous inspirer du bilan de nos conseillers municipaux \u00e0 Francfort, Amsterdam, Enschede, Fossano, Flore\u0219ti-Stoene\u0219ti ou encore Ath\u00e8nes. Des espaces verts \u00e0 la d\u00e9mocratie et l\u2019innovation num\u00e9rique, de la gouvernance \u00e0 la lutte contre les violences sexistes et sexuelles, nous croyons que ces sujets tr\u00e8s locaux peuvent et doivent b\u00e9n\u00e9ficier d\u2019une approche continentale.<\/p>\n<p>Certaines de nos revendications valent pour l\u2019Europe comme pour nos communes. L\u00e0 o\u00f9 un d\u00e9bat public europ\u00e9en doit \u00e9merger au-del\u00e0 des inaccessibles initiatives citoyennes europ\u00e9ennes, la d\u00e9mocratie citoyenne doit trouver de nouvelles formes \u00e0 Strasbourg en permettant \u00e0 des collectifs de soumettre des propositions \u00e0 tout moment de l\u2019ann\u00e9e. De m\u00eame, nous appelons Strasbourg \u00e0 s\u2019inspirer de villes comme Mainz avec son Wahl-o-mat municipal, comme Francfort qui agit au quotidien pour num\u00e9riser ses services et les rendre plus accessibles, ou encore comme Gelderland qui \u0153uvre pour une meilleure visibilit\u00e9 et transparence de l\u2019action municipale. Toutes ces actions sont les points de d\u00e9part d\u2019une d\u00e9mocratie locale plus saine et vivante. Car nous appelons \u00e0 la mise en place d\u2019une arm\u00e9e europ\u00e9enne, Volt propose en outre que l\u2019Eurocorps, bas\u00e9 \u00e0 Strasbourg, devienne son commandement permanent, avec les moyens associ\u00e9s.<\/p>\n<p>Encore ville libre d\u2019Empire, Strasbourg s\u2019est illustr\u00e9e par une politique d\u2019alliances avec d\u2019autres grandes cit\u00e9s europ\u00e9ennes, dont Zurich. Ces liens europ\u00e9ens historiques ou nouveaux, nourris par l\u2019humanisme rh\u00e9nan et les valeurs de Strasbourg, loin d\u2019\u00eatre anecdotiques, doivent \u00eatre revitalis\u00e9s et repens\u00e9s. L\u2019Europe serait \u00ab\u00a0trop \u00e9loign\u00e9e des pr\u00e9occupations citoyennes\u00a0\u00bb ? \u00c7a n\u2019est pas aux citoyens de se rapprocher de l\u2019Europe, mais bien l\u2019inverse. La campagne Union europ\u00e9enne des territoires que nous avons rejointe y r\u00e9pondra. Volt aura cette ambition \u00e0 Strasbourg : penser europ\u00e9en, agir localement.<\/p>\n<p>Cr\u00e9\u00e9 en 2017, Volt ou Volt Europa est un mouvement politique citoyen, paneurop\u00e9en et progressiste travaillant \u00e0 la r\u00e9alisation d\u2019une Europe f\u00e9d\u00e9rale unie plus d\u00e9mocratique, \u00e9cologique, et inclusive, en r\u00e9action \u00e0 la mont\u00e9e des populismes. Volt r\u00e9unit aujourd\u2019hui 35 000 membres venant de 33 pays. Le parti compte plus de 200 personnes \u00e9lues en Europe, avec des d\u00e9put\u00e9s aux Pays-Bas, en Bulgarie et \u00e0 Chypre, et 5 eurod\u00e9put\u00e9s \u00e9lus en Allemagne et aux Pays-Bas en 2024.<\/p>\n","protected":false},"excerpt":{"rendered":"\u00c0 l\u2019occasion des \u00e9lections municipales de 2026, l\u2019\u00e9quipe strasbourgeoise du parti f\u00e9d\u00e9raliste paneurop\u00e9en Volt a souhait\u00e9 faire siennes&hellip;\n","protected":false},"author":2,"featured_media":413435,"comment_status":"","ping_status":"","sticky":false,"template":"","format":"standard","meta":{"footnotes":""},"categories":[1586],"tags":[11,54408,54409,1777,11297,674,1011,27,12,25,54410,54411,54412,54413],"class_list":{"0":"post-413434","1":"post","2":"type-post","3":"status-publish","4":"format-standard","5":"has-post-thumbnail","7":"category-europe","8":"tag-actualites","9":"tag-debat-public-europeen","10":"tag-elections-municipales-2026-volt","11":"tag-eu","12":"tag-eurocorps","13":"tag-europe","14":"tag-fr","15":"tag-france","16":"tag-news","17":"tag-republique-francaise","18":"tag-sauvons-leurope-union-europeenne-des-territoires","19":"tag-strasbourg-capitale-europe","20":"tag-strasbourg-municipales-2026","21":"tag-union-europeenne-des-territoires"},"share_on_mastodon":{"url":"https:\/\/pubeurope.com\/@fr\/115257087352895125","error":""},"_links":{"self":[{"href":"https:\/\/www.europesays.com\/fr\/wp-json\/wp\/v2\/posts\/413434","targetHints":{"allow":["GET"]}}],"collection":[{"href":"https:\/\/www.europesays.com\/fr\/wp-json\/wp\/v2\/posts"}],"about":[{"href":"https:\/\/www.europesays.com\/fr\/wp-json\/wp\/v2\/types\/post"}],"author":[{"embeddable":true,"href":"https:\/\/www.europesays.com\/fr\/wp-json\/wp\/v2\/users\/2"}],"replies":[{"embeddable":true,"href":"https:\/\/www.europesays.com\/fr\/wp-json\/wp\/v2\/comments?post=413434"}],"version-history":[{"count":0,"href":"https:\/\/www.europesays.com\/fr\/wp-json\/wp\/v2\/posts\/413434\/revisions"}],"wp:featuredmedia":[{"embeddable":true,"href":"https:\/\/www.europesays.com\/fr\/wp-json\/wp\/v2\/media\/413435"}],"wp:attachment":[{"href":"https:\/\/www.europesays.com\/fr\/wp-json\/wp\/v2\/media?parent=413434"}],"wp:term":[{"taxonomy":"category","embeddable":true,"href":"https:\/\/www.europesays.com\/fr\/wp-json\/wp\/v2\/categories?post=413434"},{"taxonomy":"post_tag","embeddable":true,"href":"https:\/\/www.europesays.com\/fr\/wp-json\/wp\/v2\/tags?post=413434"}],"curies":[{"name":"wp","href":"https:\/\/api.w.org\/{rel}","templated":true}]}}