{"id":413440,"date":"2025-09-24T03:15:12","date_gmt":"2025-09-24T03:15:12","guid":{"rendered":"https:\/\/www.europesays.com\/fr\/413440\/"},"modified":"2025-09-24T03:15:12","modified_gmt":"2025-09-24T03:15:12","slug":"collision-entre-deux-avions-evitee-de-justesse-a-nice-comment-expliquer-un-tel-incident-le-parisien","status":"publish","type":"post","link":"https:\/\/www.europesays.com\/fr\/413440\/","title":{"rendered":"Collision entre deux avions \u00e9vit\u00e9e de justesse \u00e0 Nice : comment expliquer un tel incident ? &#8211; Le Parisien"},"content":{"rendered":"<ol>\n<li><a href=\"https:\/\/news.google.com\/rss\/articles\/CBMi9gFBVV95cUxNNzRaVm9SSXRQNkd4eGhzNmFHY0FtOFFRRVJBcWNKbFM1WHdFTGEwNW1rYW9HN2tpbTk4NjZBbDNuTElxR0dJVTdiM0tGdmFNaTdEckVtYlIwdVdBclRtdmYyWnc3OEFjN1Q5bS0xdjJiYUlqWXVLLU52MUFMbUhoVjYzOGtza2JoTndhclo5R3RkQkFyUi03UEN4R3hFS19UY2dvWXdLVk8wSHRvX09HUHNITENxOGZuSXFoNVVjQ2V3RnNSelplZ3hXVlhJc2dkME9UNHJZcnZFSDdrQ3l2RmtGNk12Z204VlIxUFEzQjFrTEhEWUE?oc=5\" target=\"_blank\" rel=\"nofollow noopener\">Collision entre deux avions \u00e9vit\u00e9e de justesse \u00e0 Nice : comment expliquer un tel incident ?<\/a>&nbsp;&nbsp;Le Parisien<\/li>\n<li><a href=\"https:\/\/news.google.com\/rss\/articles\/CBMi3AFBVV95cUxOMkR6T0s0RG0zc2phQ3hSYjREZ2IzWndlOEYtZjctUFhFcnJ3eFdTWGJDclRiOU5OcjJRbTMzMFVQWWVZWHp5Y2I4VndrY1JpbnBYWXZEYjJwcDJDSExFMjByS0x0Wmt5M0pvUWstT055NEhmZEpKbHA4SkNNTDVZa21idDNFNEVITi10YWV4Z0tLMWhVN25feGo5dzhlZ2Z1QlBIc0RaS04wVE0zZkVULXVDRWxLVXctZE9BZUpVOE0tOUJHV3RyRlRMS3I3UGxCX2xOcC1IMGd5c2h1?oc=5\" target=\"_blank\" rel=\"nofollow noopener\">Une enqu\u00eate judiciaire ouverte apr\u00e8s la collision d\u2019avions \u00e9vit\u00e9e \u00ab de justesse \u00bb \u00e0 l\u2019a\u00e9roport de Nice dimanche soir<\/a>&nbsp;&nbsp;Le Monde.fr<\/li>\n<li><a href=\"https:\/\/news.google.com\/rss\/articles\/CBMikgJBVV95cUxNTXpYTWFUQXNMS2FydlNxQmdTRTNnNjVJN09hak1IZnQwb0NTbkZqcTdhV0tRbnFPQ3dGbG5KQV84dDZZU1ZxOFppT0VUZ0M2X2lOdFFSVzVwZWcxRnMtTEZqMFJFSG9sbXRhSEltRV9yNm4ySTRrMjN2MmNpMlZvdEQ5QnVuUUI1U2xHamVmRENnRHhRMUo4MmNmMXF5c3Z1bFJJU09KSUNfbFpJbTF4dGdtZUZKNFYwcXlNZ21udzU4UnN1ZURpcGR3MFY0SFZYal9LX0pvSFhDblNwd3dYcVNQTlppY2hmWkZzM280TXFoSTN1S2JrUHo1cU5TLVlYSnQyMnF6VmRrY0RyVTZBZnVR?oc=5\" target=\"_blank\" rel=\"nofollow noopener\">\u00ab\u00a0Un \u00e9norme souffle au-dessus de la carlingue\u00a0\u00bb: des passagers sous le choc apr\u00e8s la collision \u00e9vit\u00e9e de justesse \u00e0 l&rsquo;a\u00e9roport de Nice<\/a>&nbsp;&nbsp;BFMTV<\/li>\n<li><a href=\"https:\/\/news.google.com\/rss\/articles\/CBMiwAFBVV95cUxOT29sREUyLWJSMjVLeXRUSUhQUUlydGxWeDNUXy1OZ2cxOF9DT0VBTkZlQmo3dEx3Tk1BZXdrZkNxMnBJM0h2S3ZXeWVvbzUxVzhVUzVMTWpGMEZZRjh6d3NVU2ZnRXZjWHFyenNxZUhHTUhzcFRfdFhpWW92Rm5yYWhHcU1EOWFtWmlnT1RBR1loZ1VfMWZCdjh6elRHaXhfbDlsWVJvd184T3U0ZjkzQ1I1am85UmJLTXJINktNSVk?oc=5\" target=\"_blank\" rel=\"nofollow noopener\">Un crash \u00e9vit\u00e9 \u00e0 Nice\u2026 Comment les pilotes g\u00e8rent un tr\u00e8s gros coup de stress<\/a>&nbsp;&nbsp;20 Minutes<\/li>\n<li><a href=\"https:\/\/news.google.com\/rss\/articles\/CBMi8AFBVV95cUxPcngzQldOVUNsNjhkOEFoekJrZ011NlRjZG9CY1JQcExaNDluekxLR2VQbVlyeDlvQl8xRWlZMFBkN3pqT0R5cDhTdGlWbTJ6eW1MRXpwQnRLMjJEVW9fczlHTTBPbi1uaXQ3RldIMjRvVWttWFlkUFVVSXlwY0lOMWdvR1ZzM2JQWlMxRjBYakZlOEV0Ung4cldaQzNpVFkwRlk4ZGVnT2ZrZ3E5YTluMDMxcW81cTdMOENPMFBKRzNmUHk5LUtxZ2tqMnRBV0RjazB4R1RSejNPcDFFOXc1c1dpamN3Vko0c3RReWNlMEw?oc=5\" target=\"_blank\" rel=\"nofollow noopener\">\u00ab Je me suis dit que c\u2019\u00e9tait la fin \u00bb : le r\u00e9cit d\u2019une passag\u00e8re du vol Nouvelair qui a fr\u00f4l\u00e9 un autre avion \u00e0 Nice<\/a>&nbsp;&nbsp;parismatch.com<\/li>\n<\/ol>\n","protected":false},"excerpt":{"rendered":"Collision entre deux avions \u00e9vit\u00e9e de justesse \u00e0 Nice : comment expliquer un tel incident ?&nbsp;&nbsp;Le Parisien Une&hellip;\n","protected":false},"author":2,"featured_media":413441,"comment_status":"","ping_status":"","sticky":false,"template":"","format":"standard","meta":{"footnotes":""},"categories":[2],"tags":[11,459,1011,27,12,25,104],"class_list":{"0":"post-413440","1":"post","2":"type-post","3":"status-publish","4":"format-standard","5":"has-post-thumbnail","7":"category-actualites","8":"tag-actualites","9":"tag-departements-horsidfo","10":"tag-fr","11":"tag-france","12":"tag-news","13":"tag-republique-francaise","14":"tag-societe"},"share_on_mastodon":{"url":"https:\/\/pubeurope.com\/@fr\/115257103018680621","error":""},"_links":{"self":[{"href":"https:\/\/www.europesays.com\/fr\/wp-json\/wp\/v2\/posts\/413440","targetHints":{"allow":["GET"]}}],"collection":[{"href":"https:\/\/www.europesays.com\/fr\/wp-json\/wp\/v2\/posts"}],"about":[{"href":"https:\/\/www.europesays.com\/fr\/wp-json\/wp\/v2\/types\/post"}],"author":[{"embeddable":true,"href":"https:\/\/www.europesays.com\/fr\/wp-json\/wp\/v2\/users\/2"}],"replies":[{"embeddable":true,"href":"https:\/\/www.europesays.com\/fr\/wp-json\/wp\/v2\/comments?post=413440"}],"version-history":[{"count":0,"href":"https:\/\/www.europesays.com\/fr\/wp-json\/wp\/v2\/posts\/413440\/revisions"}],"wp:featuredmedia":[{"embeddable":true,"href":"https:\/\/www.europesays.com\/fr\/wp-json\/wp\/v2\/media\/413441"}],"wp:attachment":[{"href":"https:\/\/www.europesays.com\/fr\/wp-json\/wp\/v2\/media?parent=413440"}],"wp:term":[{"taxonomy":"category","embeddable":true,"href":"https:\/\/www.europesays.com\/fr\/wp-json\/wp\/v2\/categories?post=413440"},{"taxonomy":"post_tag","embeddable":true,"href":"https:\/\/www.europesays.com\/fr\/wp-json\/wp\/v2\/tags?post=413440"}],"curies":[{"name":"wp","href":"https:\/\/api.w.org\/{rel}","templated":true}]}}