{"id":413456,"date":"2025-09-24T03:26:16","date_gmt":"2025-09-24T03:26:16","guid":{"rendered":"https:\/\/www.europesays.com\/fr\/413456\/"},"modified":"2025-09-24T03:26:16","modified_gmt":"2025-09-24T03:26:16","slug":"pierre-palmade-un-ex-amant-celebre-sort-du-bois-et-balance-sur-leur-relation-secrete-des-week-ends-chez-jean-marie-bigard","status":"publish","type":"post","link":"https:\/\/www.europesays.com\/fr\/413456\/","title":{"rendered":"Pierre Palmade : un ex-amant c\u00e9l\u00e8bre sort du bois et balance sur leur relation secr\u00e8te, \u00ab\u00a0des week-ends chez Jean-Marie Bigard\u00a0\u00bb"},"content":{"rendered":"<p data-start=\"644\" data-end=\"944\">Ce mardi 23 septembre, des<br \/>\nconfidences choc faites dans le prochain num\u00e9ro de Le Jet de Luxe ont \u00e9t\u00e9 r\u00e9v\u00e9l\u00e9es dans les<br \/>\ncolonnes de <a href=\"https:\/\/www.public.fr\/exclu-public-vincent-mcdoom-temoigne-comme-jamais-jai-ete-en-couple-avec-pierre-palmade-pendant-six-mois\" rel=\"nofollow noopener\" target=\"_blank\">Public<\/a>, puis confirm\u00e9es dans <a href=\"https:\/\/www.closermag.fr\/people\/cyril-hanouna-et-bernard-arnault-impliques-dans-une-escroquerie-lanimateur-remet-les-points-sur-les-i-3581954\" target=\"_blank\" rel=\"noopener\"><br \/>\nTBT9<\/a>. Dans ce passage, <a href=\"https:\/\/www.closermag.fr\/people\/quatre-fois-par-semaine-vincent-mc-doom-se-confie-sur-les-abus-sexuels-dont-il-a-ete-victime-a-ladolescence-3263316\" target=\"_blank\" rel=\"noopener\"><br \/>\nVincent McDoom<\/a> se confie comme rarement sur <strong>sa vie<br \/>\npriv\u00e9e<\/strong>. Le mannequin et chroniqueur, r\u00e9v\u00e9l\u00e9 dans la<br \/>\nFerme C\u00e9l\u00e9brit\u00e9s, y r\u00e9v\u00e8le<br \/>\npour la toute premi\u00e8re fois avoir partag\u00e9 la vie de <a href=\"https:\/\/www.closermag.fr\/people\/une-fidelite-stephane-plaza-et-pierre-palmade-toujours-soutenus-par-cet-animateur-star-3581786\" target=\"_blank\" rel=\"noopener\"><br \/>\nPierre Palmade<\/a>.<\/p>\n<p data-start=\"946\" data-end=\"1220\">Une confession qui fait d\u00e9j\u00e0<br \/>\ncouler beaucoup d\u2019encre avant m\u00eame la diffusion int\u00e9grale de<br \/>\nl\u2019interview pr\u00e9vue ce mercredi 24 septembre. L\u2019histoire d&rsquo;amour,<br \/>\n<strong>qui aurait dur\u00e9 six mois<\/strong>, reste un souvenir<br \/>\nagr\u00e9able pour lui, bien que teint\u00e9e de d\u00e9saccords profonds sur<br \/>\nleurs modes de vie respectifs.<\/p>\n<p>Vincent McDoom confirme :<br \/>\n\u00ab\u00a0J\u2019\u00e9tais en couple avec Pierre Palmade\u00a0\u00bb<\/p>\n<p data-start=\"1294\" data-end=\"1595\">Dans l\u2019extrait d\u00e9j\u00e0 partag\u00e9,<br \/>\nVincent McDoom confie : \u00ab\u00a0Je<br \/>\nne coucherais jamais avec quelqu\u2019un avec lequel je travaille.\u00a0\u00bb<br \/>\nAvant de nuancer, sourire en coin : \u00ab\u00a0Sauf une fois. Et \u00e7a s\u2019est mal termin\u00e9. Je gardais une<br \/>\ncertaine amiti\u00e9 avec cette personne-l\u00e0, mais \u00e7a s\u2019est mal termin\u00e9<br \/>\npour lui et moi.\u00a0\u00bb Sous les yeux \u00e9bahis de <a href=\"https:\/\/www.closermag.fr\/people\/jordan-de-luxe-outre-une-star-de-la-tele-realite-vrille-et-baisse-son-calecon-en-pleine-emission-3580462\" target=\"_blank\" rel=\"noopener\"><br \/>\nJordan de Luxe<\/a>, il l\u00e2che alors : \u00ab\u00a0<strong>C\u2019\u00e9tait Pierre Palmade, en fait.<\/strong><br \/>\nJ\u2019\u00e9tais en couple avec Pierre pendant six mois. C\u2019est la<br \/>\nv\u00e9rit\u00e9.\u00a0\u00bb Une r\u00e9v\u00e9lation in\u00e9dite qui promet de faire beaucoup<br \/>\nde bruit.<\/p>\n<p data-start=\"1821\" data-end=\"2063\">L\u2019ancien candidat de<br \/>\nt\u00e9l\u00e9-r\u00e9alit\u00e9 poursuit : \u00ab\u00a0\u00c0 un<br \/>\nmoment donn\u00e9, tu dis les choses. Quand Pierre a eu les d\u00e9boires<br \/>\navec la <a href=\"https:\/\/www.closermag.fr\/people\/pierre-palmade-deux-ans-apres-son-accident-un-enorme-bouleversement-juridique-3560433\" target=\"_blank\" rel=\"noopener\"><br \/>\njustice<\/a>, j\u2019ai re\u00e7u beaucoup de coups de fil de la presse qui<br \/>\nvoulait que je parle. Mais <strong>je ne l\u2019avais jamais<br \/>\nfait.<\/strong>\u00a0\u00bb Et il insiste sur le fait que certains proches<br \/>\n\u00e9taient au courant. \u00ab\u00a0Je suis<br \/>\nparti \u00e0 Mougins avec lui, chez <a href=\"https:\/\/www.closermag.fr\/people\/100-000-euros-par-jour-la-fortune-de-jean-marie-bigard-est-partie-en-fumee-3580239\" target=\"_blank\" rel=\"noopener\"><br \/>\nJean-Marie Bigard<\/a>. Jean-Marie Bigard, il le sait. Parce qu\u2019on a<br \/>\npass\u00e9 des week-ends chez Jean-Marie Bigard.\u00a0\u00bb<\/p>\n<p>\u00ab\u00a0J\u2019ai<br \/>\nquitt\u00e9 Pierre \u00e0 cause de son mode de vie\u00a0\u00bb<\/p>\n<p data-start=\"2340\" data-end=\"2717\">Mais pourquoi leur romance<br \/>\na-t-elle pris fin ? Vincent McDoom donne une r\u00e9ponse sans filtre :<br \/>\n\u00ab\u00a0\u00c7a s\u2019est arr\u00eat\u00e9 tout<br \/>\nsimplement parce que le mode de vie de Pierre n\u2019allait pas avec le<br \/>\nmien. Je ne suis pas quelqu\u2019un qui boit, <strong>je ne prends pas<br \/>\nla drogue<\/strong>, je ne fume pas. Et Pierre, c\u2019\u00e9tait quelqu\u2019un<br \/>\nqui vivait \u00e0 cent \u00e0 l\u2019heure. Moi, je suis quelqu\u2019un de beaucoup<br \/>\nplus calme.\u00a0\u00bb<\/p>\n<p data-start=\"2719\" data-end=\"3251\">S\u2019il a choisi de mettre un<br \/>\nterme \u00e0 cette histoire, Vincent McDoom assure <strong>qu\u2019il \u00e9tait<br \/>\nsinc\u00e8rement amoureux<\/strong>. Aujourd\u2019hui, il garde un regard<br \/>\nbienveillant sur l\u2019humoriste, condamn\u00e9 en 2024 \u00e0 cinq ans de prison<br \/>\napr\u00e8s le terrible accident de la route de f\u00e9vrier 2023 :<br \/>\n\u00ab\u00a0M\u00eame si \u00e7a s\u2019est mal fini,<br \/>\nj\u2019ai \u00e9t\u00e9 amoureux de Pierre. Et aujourd\u2019hui, <strong>je suis fier<br \/>\nde lui<\/strong>. Pour le moment, Pierre, il est en train d\u2019accepter<br \/>\nles cons\u00e9quences de ce qu\u2019il a fait. Il est en train de payer, il<br \/>\nest en train de faire le n\u00e9cessaire pour aller bien.\u00a0\u00bb Une<br \/>\nd\u00e9claration inattendue qui promet de faire beaucoup r\u00e9agir lors de<br \/>\nla diffusion compl\u00e8te de l\u2019\u00e9mission, sur la cha\u00eene YouTube de<br \/>\nJordan de Luxe.<\/p>\n","protected":false},"excerpt":{"rendered":"Ce mardi 23 septembre, des confidences choc faites dans le prochain num\u00e9ro de Le Jet de Luxe ont&hellip;\n","protected":false},"author":2,"featured_media":413457,"comment_status":"","ping_status":"","sticky":false,"template":"","format":"standard","meta":{"footnotes":""},"categories":[1359],"tags":[548,1193,58,59,1011,27,7870,973,1250],"class_list":{"0":"post-413456","1":"post","2":"type-post","3":"status-publish","4":"format-standard","5":"has-post-thumbnail","7":"category-people","8":"tag-article-simple","9":"tag-couple","10":"tag-divertissement","11":"tag-entertainment","12":"tag-fr","13":"tag-france","14":"tag-jean-marie-bigard","15":"tag-people","16":"tag-pierre-palmade"},"share_on_mastodon":{"url":"https:\/\/pubeurope.com\/@fr\/115257146254056551","error":""},"_links":{"self":[{"href":"https:\/\/www.europesays.com\/fr\/wp-json\/wp\/v2\/posts\/413456","targetHints":{"allow":["GET"]}}],"collection":[{"href":"https:\/\/www.europesays.com\/fr\/wp-json\/wp\/v2\/posts"}],"about":[{"href":"https:\/\/www.europesays.com\/fr\/wp-json\/wp\/v2\/types\/post"}],"author":[{"embeddable":true,"href":"https:\/\/www.europesays.com\/fr\/wp-json\/wp\/v2\/users\/2"}],"replies":[{"embeddable":true,"href":"https:\/\/www.europesays.com\/fr\/wp-json\/wp\/v2\/comments?post=413456"}],"version-history":[{"count":0,"href":"https:\/\/www.europesays.com\/fr\/wp-json\/wp\/v2\/posts\/413456\/revisions"}],"wp:featuredmedia":[{"embeddable":true,"href":"https:\/\/www.europesays.com\/fr\/wp-json\/wp\/v2\/media\/413457"}],"wp:attachment":[{"href":"https:\/\/www.europesays.com\/fr\/wp-json\/wp\/v2\/media?parent=413456"}],"wp:term":[{"taxonomy":"category","embeddable":true,"href":"https:\/\/www.europesays.com\/fr\/wp-json\/wp\/v2\/categories?post=413456"},{"taxonomy":"post_tag","embeddable":true,"href":"https:\/\/www.europesays.com\/fr\/wp-json\/wp\/v2\/tags?post=413456"}],"curies":[{"name":"wp","href":"https:\/\/api.w.org\/{rel}","templated":true}]}}