{"id":413468,"date":"2025-09-24T03:33:13","date_gmt":"2025-09-24T03:33:13","guid":{"rendered":"https:\/\/www.europesays.com\/fr\/413468\/"},"modified":"2025-09-24T03:33:13","modified_gmt":"2025-09-24T03:33:13","slug":"atp-hangzhou-videos-valentin-royer-a-alexander-bublik-apres-sa-defaite-en-finale-mec-tu-joues-un-tennis-de-fou-cest-une-blague","status":"publish","type":"post","link":"https:\/\/www.europesays.com\/fr\/413468\/","title":{"rendered":"ATP &#8211; Hangzhou, Vid\u00e9os > Valentin Royer \u00e0 Alexander Bublik apr\u00e8s sa d\u00e9faite en finale : \u00ab\u00a0Mec, tu joues un tennis de fou, c&rsquo;est une blague\u00a0\u00bb"},"content":{"rendered":"<p><a href=\"https:\/\/www.welovetennis.fr\/atp\/atp-hangzhou\/battu-par-alexander-bublik-en-finale-valentin-royer-a-pourtant-ete-immense\" data-wpel-link=\"internal\" rel=\"nofollow noopener\" target=\"_blank\">Battu par un Alexander Bublik des grands jours malgr\u00e9 une excel\u00adlente pres\u00adta\u00adtion<\/a>, ce mardi en finale de l\u2019ATP 250 d\u2019Hangzhou, Valentin Royer a tenu \u00e0 f\u00e9li\u00adciter chaleu\u00adreu\u00adse\u00adment son adver\u00adsaire du jour, qui r\u00e9alise une magni\u00adfique saison avec d\u00e9j\u00e0 quatre titres au compteur.\u00a0<\/p>\n<blockquote class=\"twitter-tweet\">\n<p lang=\"en\" dir=\"ltr\">\u00ab\u202fMan, you play some crazy tennis, it\u2019s a joke\u202f\u00bb \ud83d\ude02<\/p>\n<p>Royer reflects on a remar\u00adkable brea\u00adkout week<a href=\"https:\/\/twitter.com\/HangzhouOpen?ref_src=twsrc%5Etfw\" data-wpel-link=\"external\" target=\"_blank\" rel=\"nofollow external noopener\">@HangzhouOpen<\/a> | <a href=\"https:\/\/twitter.com\/hashtag\/HangzhouOpen?src=hash&amp;ref_src=twsrc%5Etfw\" data-wpel-link=\"external\" target=\"_blank\" rel=\"nofollow external noopener\">#HangzhouOpen<\/a> <a href=\"https:\/\/t.co\/TJOauObEO8\" data-wpel-link=\"external\" target=\"_blank\" rel=\"nofollow external noopener\">pic.twitter.com\/TJOauObEO8<\/a><\/p>\n<p>\u2014 ATP Tour (@atptour) <a href=\"https:\/\/twitter.com\/atptour\/status\/1970501598066487547?ref_src=twsrc%5Etfw\" data-wpel-link=\"external\" target=\"_blank\" rel=\"nofollow external noopener\">September 23,\u00a02025<\/a><\/p><\/blockquote>\n<p><strong>\u00ab\u202fSascha, mec, tu joues un tennis de fou, c\u2019est une blague. Mais f\u00e9li\u00adci\u00adta\u00adtions \u00e0 toi et ton \u00e9quipe cette saison irr\u00e9elle, et c\u2019est pas encore fini. J\u2019esp\u00e8re qu\u2019on aura l\u2019op\u00adpor\u00adtu\u00adnit\u00e9 de se jouer \u00e0 nouveau\u202f\u00bb<\/strong>, a d\u00e9clar\u00e9 Royer avant de f\u00e9li\u00adciter son \u00e9quipe et de l\u00e2cher quelques larmes en raison de la fatigue et de la d\u00e9ception.\u00a0<\/p>\n<p class=\"post-published-date\" style=\"color: silver; font-size: 75%; text-align: left;\">Publi\u00e9 le mardi 23 septembre 2025 \u00e0 19:45<\/p>\n<p><script async src=\"https:\/\/platform.twitter.com\/widgets.js\" charset=\"utf-8\"><\/script><\/p>\n","protected":false},"excerpt":{"rendered":"Battu par un Alexander Bublik des grands jours malgr\u00e9 une excel\u00adlente pres\u00adta\u00adtion, ce mardi en finale de l\u2019ATP&hellip;\n","protected":false},"author":2,"featured_media":413469,"comment_status":"","ping_status":"","sticky":false,"template":"","format":"standard","meta":{"footnotes":""},"categories":[9],"tags":[15212,1011,27,60],"class_list":{"0":"post-413468","1":"post","2":"type-post","3":"status-publish","4":"format-standard","5":"has-post-thumbnail","7":"category-sports","8":"tag-bublik","9":"tag-fr","10":"tag-france","11":"tag-sports"},"share_on_mastodon":{"url":"https:\/\/pubeurope.com\/@fr\/115257174223411166","error":""},"_links":{"self":[{"href":"https:\/\/www.europesays.com\/fr\/wp-json\/wp\/v2\/posts\/413468","targetHints":{"allow":["GET"]}}],"collection":[{"href":"https:\/\/www.europesays.com\/fr\/wp-json\/wp\/v2\/posts"}],"about":[{"href":"https:\/\/www.europesays.com\/fr\/wp-json\/wp\/v2\/types\/post"}],"author":[{"embeddable":true,"href":"https:\/\/www.europesays.com\/fr\/wp-json\/wp\/v2\/users\/2"}],"replies":[{"embeddable":true,"href":"https:\/\/www.europesays.com\/fr\/wp-json\/wp\/v2\/comments?post=413468"}],"version-history":[{"count":0,"href":"https:\/\/www.europesays.com\/fr\/wp-json\/wp\/v2\/posts\/413468\/revisions"}],"wp:featuredmedia":[{"embeddable":true,"href":"https:\/\/www.europesays.com\/fr\/wp-json\/wp\/v2\/media\/413469"}],"wp:attachment":[{"href":"https:\/\/www.europesays.com\/fr\/wp-json\/wp\/v2\/media?parent=413468"}],"wp:term":[{"taxonomy":"category","embeddable":true,"href":"https:\/\/www.europesays.com\/fr\/wp-json\/wp\/v2\/categories?post=413468"},{"taxonomy":"post_tag","embeddable":true,"href":"https:\/\/www.europesays.com\/fr\/wp-json\/wp\/v2\/tags?post=413468"}],"curies":[{"name":"wp","href":"https:\/\/api.w.org\/{rel}","templated":true}]}}