{"id":413470,"date":"2025-09-24T03:34:23","date_gmt":"2025-09-24T03:34:23","guid":{"rendered":"https:\/\/www.europesays.com\/fr\/413470\/"},"modified":"2025-09-24T03:34:23","modified_gmt":"2025-09-24T03:34:23","slug":"kate-middleton-eblouissante-en-rose-et-gris-elle-fait-un-retour-emouvant-avec-william-apres-le-drame-de-southport-photos","status":"publish","type":"post","link":"https:\/\/www.europesays.com\/fr\/413470\/","title":{"rendered":"Kate Middleton \u00e9blouissante en rose et gris : elle fait un retour \u00e9mouvant avec William apr\u00e8s le drame de Southport (Photos)"},"content":{"rendered":"<p>Le mardi 23 septembre 2025, le duc et la duchesse de Cambridge,<br \/>\n<a href=\"https:\/\/www.closermag.fr\/royautes\/william-et-kate-devoilent-un-projet-vital-cette-annonce-pourrait-sauver-des-vies-3581525\" target=\"_blank\" rel=\"noopener\"><br \/>\nWilliam et Kate<\/a>, se sont rendus \u00e0 l\u2019\u00e9cole maternelle et<br \/>\nprimaire Farnborough Road \u00e0 Southport. Leur visite, touchante et<br \/>\ndiscr\u00e8te, s\u2019inscrit dans leur soutien continu \u00e0 la communaut\u00e9<br \/>\nmeurtrie apr\u00e8s la <strong>tragique<\/strong> <a href=\"https:\/\/www.closermag.fr\/royautes\/en-tant-que-parents-kate-et-william-nont-pas-les-mots-apres-la-mort-de-plusieurs-enfants-dans-une-attaque-3462028\" target=\"_blank\" rel=\"noopener\"><br \/>\nattaque<\/a> qui a eu lieu le 29 juillet 2024. Trois jeunes filles,<br \/>\nBebe King (6 ans), Elsie Dot Stancombe (7 ans) et Alice Da Silva<br \/>\nAguiar (9 ans), ont perdu la vie pendant un atelier de danse \u00e0<br \/>\nth\u00e8me <a href=\"https:\/\/www.closermag.fr\/people\/taylor-swift-bientot-mariee-le-montant-exorbitant-de-sa-bague-faite-sur-mesure-devoile-3573723\" target=\"_blank\" rel=\"noopener\"><br \/>\nTaylor Swift<\/a> dans cette ville du Lancashire.<\/p>\n<p>Arriv\u00e9s sans tambours ni trompettes, William et <a href=\"https:\/\/www.closermag.fr\/royautes\/kate-middleton-son-frere-james-leve-le-voile-sur-son-vrai-visage-loin-des-projecteurs-3548387\" target=\"_blank\" rel=\"noopener\"><br \/>\nKate Middleton<\/a> ont d\u2019abord rencontr\u00e9 des \u00e9l\u00e8ves, des<br \/>\nenseignants et des membres de la direction de l\u2019\u00e9cole Farnborough<br \/>\nRoad, un \u00e9tablissement directement concern\u00e9 \u2014 Elsie Dot, l\u2019une des<br \/>\nvictimes, y \u00e9tait scolaris\u00e9e. Ils ont \u00e9cout\u00e9 les besoins, les<br \/>\ninitiatives de soutien scolaire, les efforts pour reconstruire le<br \/>\nclimat de confiance, et r\u00e9affirm\u00e9 que la douleur collective ne<br \/>\ns\u2019efface pas mais que l\u2019espoir et la solidarit\u00e9 demeurent.<\/p>\n<p>Kate Middleton \u00e9blouissante en rose et gris<\/p>\n<blockquote class=\"twitter-tweet\"><p><a class=\"twitter-link\" rel=\"noindex, nofollow noopener\" href=\"https:\/\/twitter.com\/RE_DailyMail\/status\/1970457318572622324\" target=\"_blank\"><\/p><\/blockquote>\n<p>La duchesse, r\u00e9cemment sortie d\u2019un traitement de chimioth\u00e9rapie,<br \/>\nparaissait \u00e0 la fois \u00e9mue et d\u00e9termin\u00e9e. Cette visite \u2014 parmi<br \/>\nd\u2019autres depuis l\u2019\u00e9t\u00e9 \u2014 marque une \u00e9tape dans sa reprise de ses<br \/>\nmissions publiques. Pour cette journ\u00e9e symbolique, Kate Middleton<br \/>\navait opt\u00e9 pour une tenue \u00e0 la fois respectueuse, chaleureuse et<br \/>\nadapt\u00e9e \u00e0 l\u2019occasion. Elle portait un <a href=\"https:\/\/www.closermag.fr\/royautes\/kate-middleton-combien-coute-son-manteau-long-arbore-lors-de-sa-visite-en-prison-3523902\" target=\"_blank\" rel=\"noopener\"><br \/>\nlong manteau<\/a> gris, assez ample pour rester confortable tout en<br \/>\nconservant une silhouette soign\u00e9e.<\/p>\n<p>Sous ce manteau, on la vit v\u00eatue d\u2019un joli chemisier rose \u00e0<br \/>\nnoeud. De quoi apporter une touche de couleur, de joie et surtout<br \/>\nd&rsquo;humanit\u00e9 \u00e0 la tristesse de l&rsquo;\u00e9v\u00e9nement. Elle compl\u00e9tait cet<br \/>\nensemble de chaussures \u00e0 talons, classiques, couleur sombre pour<br \/>\nrester dans le registre sobre et portait un pantalon dans les m\u00eames<br \/>\ntons. Ses cheveux \u00e9taient l\u00e2ch\u00e9s, coiffure simple, naturelle, comme<br \/>\npour laisser transpara\u00eetre sa sinc\u00e9rit\u00e9. D\u00e9licatement maquill\u00e9e,<br \/>\ndans des tons neutres, elle affichait un visage serein.<\/p>\n<p>Kate Middleton : retour sur sa<br \/>\nmaladie<\/p>\n<p>Kate Middleton a annonc\u00e9 publiquement sa maladie le 22 mars<br \/>\n2024, dans une vid\u00e9o \u00e9motionnelle diffus\u00e9e par le Palais de<br \/>\nKensington. Elle y a r\u00e9v\u00e9l\u00e9 que, suite \u00e0 une chirurgie abdominale<br \/>\nen janvier, des tests ont d\u00e9tect\u00e9 la pr\u00e9sence d&rsquo;un cancer. Elle a<br \/>\nd\u00e9but\u00e9 un traitement de chimioth\u00e9rapie pr\u00e9ventive fin f\u00e9vrier 2024.<br \/>\nMalgr\u00e9 la fatigue et les effets secondaires de la chimioth\u00e9rapie<br \/>\nli\u00e9 \u00e0 son <a href=\"https:\/\/www.closermag.fr\/royautes\/kate-middleton-face-au-cancer-souffrir-ces-mots-a-la-lourde-signification-qui-resonnent-encore-aujourdhui-3498425\" target=\"_blank\" rel=\"noopener\"><br \/>\ncancer<\/a>, la duchesse a choisi de reprendre progressivement ses<br \/>\nengagements publics, montrant une r\u00e9silience impressionnante et un<br \/>\ncourage silencieux.<\/p>\n<p>Diaporama<br \/>\n<img decoding=\"async\" class=\"diapo_img img-responsive lazy-load\" loading=\"lazy\" src=\"https:\/\/www.europesays.com\/fr\/wp-content\/uploads\/2025\/09\/bestimage_00724666_000013.jpg\"\/><\/p>\n<p>PA Photo\/ Bestimage<\/p>\n<p>1\/7 Un hommage \u00e0 Southport :<\/p>\n<p>Le 23 septembre 2025, le duc et la duchesse de Cambridge,<br \/>\nWilliam et Kate, se sont rendus \u00e0 l\u2019\u00e9cole maternelle et primaire<br \/>\nFarnborough Road<\/p>\n<p><img decoding=\"async\" class=\"diapo_img img-responsive lazy-load\" loading=\"lazy\" src=\"https:\/\/www.europesays.com\/fr\/wp-content\/uploads\/2025\/09\/bestimage_00724667_000015.jpg\"\/><\/p>\n<p>PA Photo\/ Bestimage<\/p>\n<p>2\/7 Un soutien apr\u00e8s la trag\u00e9die :<\/p>\n<p>Ils ont continu\u00e9 de montrer leur soutien \u00e0 la communaut\u00e9<br \/>\nmeurtrie apr\u00e8s la tragique attaque qui a eu lieu le 29 juillet<br \/>\n2024<\/p>\n<p><img decoding=\"async\" class=\"diapo_img img-responsive lazy-load\" loading=\"lazy\" src=\"https:\/\/www.europesays.com\/fr\/wp-content\/uploads\/2025\/09\/bestimage_00724667_000020.jpg\"\/><\/p>\n<p>PA Photo\/ Bestimage<\/p>\n<p>3\/7 Trois jeunes filles d\u00e9c\u00e9d\u00e9es :<\/p>\n<p>Elles avaient perdu la vie pendant un atelier de danse \u00e0 th\u00e8me<br \/>\nTaylor Swift dans cette ville du Lancashire<\/p>\n<p><img decoding=\"async\" class=\"diapo_img img-responsive lazy-load\" loading=\"lazy\" src=\"https:\/\/www.europesays.com\/fr\/wp-content\/uploads\/2025\/09\/bestimage_00724667_000012.jpg\"\/><\/p>\n<p>PA Photo\/ Bestimage<\/p>\n<p>4\/7 Une rencontre \u00e9mouvante :<\/p>\n<p>Kate Middleton a rencontr\u00e9 des \u00e9l\u00e8ves, des enseignants et des<br \/>\nmembres de la direction de l\u2019\u00e9cole Farnborough Road<\/p>\n<p><img decoding=\"async\" class=\"diapo_img img-responsive lazy-load\" loading=\"lazy\" src=\"https:\/\/www.europesays.com\/fr\/wp-content\/uploads\/2025\/09\/bestimage_00724667_000010.jpg\"\/><\/p>\n<p>PA Photo\/ Bestimage<\/p>\n<p>5\/7 Un look \u00e9blouissant :<\/p>\n<p>Pour l&rsquo;occasion, Kate Middleton a mis\u00e9 sur un look sobre et<br \/>\np\u00e9tillant<\/p>\n<p><img decoding=\"async\" class=\"diapo_img img-responsive lazy-load\" loading=\"lazy\" src=\"https:\/\/www.europesays.com\/fr\/wp-content\/uploads\/2025\/09\/bestimage_00724667_000014.jpg\"\/><\/p>\n<p>PA Photo\/ Bestimage<\/p>\n<p>6\/7 Une \u00e9l\u00e9gance naturelle :<\/p>\n<p>Elle portait un long manteau gris et un chemisier rose<\/p>\n<p><img decoding=\"async\" class=\"diapo_img img-responsive lazy-load\" loading=\"lazy\" src=\"https:\/\/www.europesays.com\/fr\/wp-content\/uploads\/2025\/09\/bestimage_00724667_000018.jpg\"\/><\/p>\n<p>PA Photo\/ Bestimage<\/p>\n<p>7\/7 Rayonnante malgr\u00e9 la maladie :<\/p>\n<p>Kate Middleton a annonc\u00e9 publiquement sa maladie le 22 mars<br \/>\n2024<\/p>\n<p><script async src=\"https:\/\/platform.twitter.com\/widgets.js\" charset=\"utf-8\"><\/script><\/p>\n","protected":false},"excerpt":{"rendered":"Le mardi 23 septembre 2025, le duc et la duchesse de Cambridge, William et Kate, se sont rendus&hellip;\n","protected":false},"author":2,"featured_media":413471,"comment_status":"","ping_status":"","sticky":false,"template":"","format":"standard","meta":{"footnotes":""},"categories":[8],"tags":[58,59,1011,27,1638,5858],"class_list":{"0":"post-413470","1":"post","2":"type-post","3":"status-publish","4":"format-standard","5":"has-post-thumbnail","7":"category-divertissement","8":"tag-divertissement","9":"tag-entertainment","10":"tag-fr","11":"tag-france","12":"tag-has_diapo","13":"tag-kate-middleton"},"share_on_mastodon":{"url":"https:\/\/pubeurope.com\/@fr\/115257184106364936","error":""},"_links":{"self":[{"href":"https:\/\/www.europesays.com\/fr\/wp-json\/wp\/v2\/posts\/413470","targetHints":{"allow":["GET"]}}],"collection":[{"href":"https:\/\/www.europesays.com\/fr\/wp-json\/wp\/v2\/posts"}],"about":[{"href":"https:\/\/www.europesays.com\/fr\/wp-json\/wp\/v2\/types\/post"}],"author":[{"embeddable":true,"href":"https:\/\/www.europesays.com\/fr\/wp-json\/wp\/v2\/users\/2"}],"replies":[{"embeddable":true,"href":"https:\/\/www.europesays.com\/fr\/wp-json\/wp\/v2\/comments?post=413470"}],"version-history":[{"count":0,"href":"https:\/\/www.europesays.com\/fr\/wp-json\/wp\/v2\/posts\/413470\/revisions"}],"wp:featuredmedia":[{"embeddable":true,"href":"https:\/\/www.europesays.com\/fr\/wp-json\/wp\/v2\/media\/413471"}],"wp:attachment":[{"href":"https:\/\/www.europesays.com\/fr\/wp-json\/wp\/v2\/media?parent=413470"}],"wp:term":[{"taxonomy":"category","embeddable":true,"href":"https:\/\/www.europesays.com\/fr\/wp-json\/wp\/v2\/categories?post=413470"},{"taxonomy":"post_tag","embeddable":true,"href":"https:\/\/www.europesays.com\/fr\/wp-json\/wp\/v2\/tags?post=413470"}],"curies":[{"name":"wp","href":"https:\/\/api.w.org\/{rel}","templated":true}]}}