{"id":413496,"date":"2025-09-24T03:54:20","date_gmt":"2025-09-24T03:54:20","guid":{"rendered":"https:\/\/www.europesays.com\/fr\/413496\/"},"modified":"2025-09-24T03:54:20","modified_gmt":"2025-09-24T03:54:20","slug":"le-drapeau-palestinien-de-la-mairie-de-grenoble-arrache-un-homme-interpelle","status":"publish","type":"post","link":"https:\/\/www.europesays.com\/fr\/413496\/","title":{"rendered":"Le drapeau palestinien de la mairie de Grenoble arrach\u00e9, un homme interpell\u00e9"},"content":{"rendered":"<p class=\"mb-4 text-lg md:leading-8 break-words\"><strong>Etat palestinien &#8211; Le drapeau palestinien hiss\u00e9 mardi sur l\u2019h\u00f4tel de ville de Grenoble a \u00e9t\u00e9 \u00ab\u00a0arrach\u00e9\u00a0\u00bb par un homme qui a \u00e9t\u00e9 imm\u00e9diatement interpell\u00e9. La municipalit\u00e9 a d\u00e9nonc\u00e9 un \u00ab\u00a0acte haineux\u00a0\u00bb et hiss\u00e9 un nouveau drapeau<\/strong><\/p>\n<p class=\"mb-4 text-lg md:leading-8 break-words\">Le drapeau <a href=\"https:\/\/www.20minutes.fr\/monde\/palestine\/?at_medium=RSS%20feed&amp;at_campaign=ynews&amp;utm_source=yahoo&amp;utm_medium=rss&amp;utm_campaign=news_feed&amp;utm_content=in_article_link\" rel=\"nofollow noopener\" target=\"_blank\" data-ylk=\"slk:palestinien;elm:context_link;itc:0;sec:content-canvas\" class=\"link \">palestinien<\/a>, hiss\u00e9 mardi sur la fa\u00e7ade de l\u2019h\u00f4tel de ville de <a href=\"https:\/\/www.20minutes.fr\/grenoble\/?at_medium=RSS%20feed&amp;at_campaign=ynews&amp;utm_source=yahoo&amp;utm_medium=rss&amp;utm_campaign=news_feed&amp;utm_content=in_article_link\" rel=\"nofollow noopener\" target=\"_blank\" data-ylk=\"slk:Grenoble;elm:context_link;itc:0;sec:content-canvas\" class=\"link \">Grenoble<\/a>, a \u00e9t\u00e9 \u00ab\u00a0arrach\u00e9\u00a0\u00bb quelques heures plus tard. L\u2019homme a \u00e9t\u00e9 imm\u00e9diatement interpell\u00e9, a annonc\u00e9 le maire \u00e9cologiste de la ville, <a href=\"https:\/\/www.20minutes.fr\/politique\/eric-piolle\/?at_medium=RSS%20feed&amp;at_campaign=ynews&amp;utm_source=yahoo&amp;utm_medium=rss&amp;utm_campaign=news_feed&amp;utm_content=in_article_link\" rel=\"nofollow noopener\" target=\"_blank\" data-ylk=\"slk:\u00c9ric Piolle;elm:context_link;itc:0;sec:content-canvas\" class=\"link \">\u00c9ric Piolle<\/a>. \u00ab\u00a0Honte \u00e0 l\u2019individu qui a arrach\u00e9 le drapeau palestinien, pavois\u00e9 au lendemain de la reconnaissance par la France de l\u2019\u00c9tat de Palestine\u00a0\u00bb, \u00e9crit l\u2019\u00e9lu. Il ajoute que la municipalit\u00e9 \u00ab\u00a0d\u00e9posera plainte\u00a0\u00bb. Dans un communiqu\u00e9, la ville a condamn\u00e9 un \u00ab\u00a0acte haineux\u00a0\u00bb et indique qu&rsquo;\u00ab\u00a0un nouveau drapeau a \u00e9t\u00e9 hiss\u00e9\u00a0\u00bb.<\/p>\n<p class=\"mb-4 text-lg md:leading-8 break-words\">Un homme de 33 ans a \u00e9t\u00e9 interpell\u00e9, a indiqu\u00e9 une source polici\u00e8re, qui rapporte \u00e9galement un d\u00e9p\u00f4t de plainte pour \u00ab\u00a0menaces avec un b\u00e2ton d\u2019une agent d\u2019accueil de la mairie\u00a0\u00bb. Il \u00ab\u00a0a insult\u00e9 et menac\u00e9 une agente \u00e0 qui la municipalit\u00e9 apporte son soutien\u00a0\u00bb, explique la Ville. Une \u00ab\u00a0autre personne \u00e0 proximit\u00e9 des faits\u00a0\u00bb a \u00e9galement \u00e9t\u00e9 arr\u00eat\u00e9e.<\/p>\n<p class=\"mb-4 text-lg md:leading-8 break-words\">La ville de Grenoble avait annonc\u00e9 d\u00e8s vendredi son intention de hisser le drapeau palestinien \u00ab\u00a0suite \u00e0 la reconnaissance officielle de l\u2019Etat de Palestine par <a href=\"https:\/\/www.20minutes.fr\/politique\/emmanuel-macron\/?at_medium=RSS%20feed&amp;at_campaign=ynews&amp;utm_source=yahoo&amp;utm_medium=rss&amp;utm_campaign=news_feed&amp;utm_content=in_article_link\" rel=\"nofollow noopener\" target=\"_blank\" data-ylk=\"slk:Emmanuel Macron;elm:context_link;itc:0;sec:content-canvas\" class=\"link \">Emmanuel Macron<\/a>\u00a0\u00bb. Pr\u00e8s d\u2019une centaine de mairies dirig\u00e9es par la gauche ont pris une d\u00e9cision similaire, un pavoisement auquel s\u2019est fermement oppos\u00e9 le ministre d\u00e9missionnaire de l\u2019Int\u00e9rieur.<\/p>\n<p><a href=\"https:\/\/www.20minutes.fr\/monde\/palestine\/\" rel=\"nofollow noopener\" target=\"_blank\" data-ylk=\"slk:Notre dossier sur la Palestine;elm:context_link;itc:0;sec:content-canvas\" class=\"link \">Notre dossier sur la Palestine<\/a><\/p>\n<p class=\"mb-4 text-lg md:leading-8 break-words\">La pr\u00e9fecture de l\u2019Is\u00e8re, qui avait rappel\u00e9 \u00e0 la mairie que ce pavoisement \u00e9tait \u00ab\u00a0contraire au principe de neutralit\u00e9 du service public\u00a0\u00bb, l\u2019a signal\u00e9 mardi \u00e0 la justice.<\/p>\n<p class=\"mb-4 text-lg md:leading-8 break-words\"><a href=\"https:\/\/www.20minutes.fr\/societe\/4174829-20250923-reconnaissance-palestine-drapeau-palestinien-mairie-grenoble-arrache-homme-interpelle?at_medium=RSS%20feed&amp;at_campaign=ynews&amp;utm_source=yahoo&amp;utm_medium=rss&amp;utm_campaign=news_feed&amp;utm_content=read_more_link&quot;\" rel=\"nofollow noopener\" target=\"_blank\" data-ylk=\"slk:Lire la suite sur 20minutes;elm:context_link;itc:0;sec:content-canvas\" class=\"link \">Lire la suite sur 20minutes<\/a><\/p>\n<p>\u00c0 lire aussi :<br \/><a href=\"https:\/\/www.20minutes.fr\/politique\/4174463-20250922-reconnaissance-palestine-saint-denis-lille-nantes-villes-hisse-drapeau-palestinien?at_medium=RSS%20feed&amp;at_campaign=ynews&amp;utm_source=yahoo&amp;utm_medium=rss&amp;utm_campaign=news_feed&amp;utm_content=related_content_link\" rel=\"nofollow noopener\" target=\"_blank\" data-ylk=\"slk:Reconnaissance de la Palestine\u00a0: Saint-Denis, Lille, Nantes\u2026 Ces villes qui ont hiss\u00e9 le drapeau palestinien;elm:context_link;itc:0;sec:content-canvas\" class=\"link \">Reconnaissance de la Palestine\u00a0: Saint-Denis, Lille, Nantes\u2026 Ces villes qui ont hiss\u00e9 le drapeau palestinien<\/a><br \/><a href=\"https:\/\/www.20minutes.fr\/politique\/4160145-20250624-besancon-prefet-demande-retrait-drapeau-palestinien-devant-mairie?at_medium=RSS%20feed&amp;at_campaign=ynews&amp;utm_source=yahoo&amp;utm_medium=rss&amp;utm_campaign=news_feed&amp;utm_content=related_content_link\" rel=\"nofollow noopener\" target=\"_blank\" data-ylk=\"slk:Besan\u00e7on\u00a0: Le pr\u00e9fet demande le retrait d\u2019un drapeau palestinien devant la mairie;elm:context_link;itc:0;sec:content-canvas\" class=\"link \">Besan\u00e7on\u00a0: Le pr\u00e9fet demande le retrait d\u2019un drapeau palestinien devant la mairie<\/a><\/p>\n","protected":false},"excerpt":{"rendered":"Etat palestinien &#8211; Le drapeau palestinien hiss\u00e9 mardi sur l\u2019h\u00f4tel de ville de Grenoble a \u00e9t\u00e9 \u00ab\u00a0arrach\u00e9\u00a0\u00bb par&hellip;\n","protected":false},"author":2,"featured_media":413497,"comment_status":"","ping_status":"","sticky":false,"template":"","format":"standard","meta":{"footnotes":""},"categories":[9566],"tags":[1111,11,34889,2430,54063,8421,1777,674,1011,27,54414,2731,1913,12,25],"class_list":{"0":"post-413496","1":"post","2":"type-post","3":"status-publish","4":"format-standard","5":"has-post-thumbnail","7":"category-grenoble","8":"tag-actu","9":"tag-actualites","10":"tag-arrache","11":"tag-auvergne-rhone-alpes","12":"tag-drapeau-palestinien","13":"tag-etat-palestinien","14":"tag-eu","15":"tag-europe","16":"tag-fr","17":"tag-france","18":"tag-france-de-letat-de-palestine","19":"tag-grenoble","20":"tag-la-ville","21":"tag-news","22":"tag-republique-francaise"},"share_on_mastodon":{"url":"https:\/\/pubeurope.com\/@fr\/115257256487429722","error":""},"_links":{"self":[{"href":"https:\/\/www.europesays.com\/fr\/wp-json\/wp\/v2\/posts\/413496","targetHints":{"allow":["GET"]}}],"collection":[{"href":"https:\/\/www.europesays.com\/fr\/wp-json\/wp\/v2\/posts"}],"about":[{"href":"https:\/\/www.europesays.com\/fr\/wp-json\/wp\/v2\/types\/post"}],"author":[{"embeddable":true,"href":"https:\/\/www.europesays.com\/fr\/wp-json\/wp\/v2\/users\/2"}],"replies":[{"embeddable":true,"href":"https:\/\/www.europesays.com\/fr\/wp-json\/wp\/v2\/comments?post=413496"}],"version-history":[{"count":0,"href":"https:\/\/www.europesays.com\/fr\/wp-json\/wp\/v2\/posts\/413496\/revisions"}],"wp:featuredmedia":[{"embeddable":true,"href":"https:\/\/www.europesays.com\/fr\/wp-json\/wp\/v2\/media\/413497"}],"wp:attachment":[{"href":"https:\/\/www.europesays.com\/fr\/wp-json\/wp\/v2\/media?parent=413496"}],"wp:term":[{"taxonomy":"category","embeddable":true,"href":"https:\/\/www.europesays.com\/fr\/wp-json\/wp\/v2\/categories?post=413496"},{"taxonomy":"post_tag","embeddable":true,"href":"https:\/\/www.europesays.com\/fr\/wp-json\/wp\/v2\/tags?post=413496"}],"curies":[{"name":"wp","href":"https:\/\/api.w.org\/{rel}","templated":true}]}}