{"id":413511,"date":"2025-09-24T04:02:18","date_gmt":"2025-09-24T04:02:18","guid":{"rendered":"https:\/\/www.europesays.com\/fr\/413511\/"},"modified":"2025-09-24T04:02:18","modified_gmt":"2025-09-24T04:02:18","slug":"plus-de-soixante-eleves-du-college-lycee-saint-stanislas-ont-donne-leur-temoignage","status":"publish","type":"post","link":"https:\/\/www.europesays.com\/fr\/413511\/","title":{"rendered":"Plus de soixante \u00e9l\u00e8ves du coll\u00e8ge-lyc\u00e9e Saint-Stanislas ont donn\u00e9 leur t\u00e9moignage"},"content":{"rendered":"<p>Pr\u00e8s d\u2019un mois apr\u00e8s avoir lanc\u00e9 un appel \u00e0 t\u00e9moignages, le dioc\u00e8se et l\u2019enseignement catholique de <a href=\"https:\/\/www.20minutes.fr\/societe\/loire-atlantique\/\" class=\"c-link c-link--is-underlined\" rel=\"nofollow noopener\" target=\"_blank\">Loire-Atlantique<\/a> ont r\u00e9v\u00e9l\u00e9 mardi avoir re\u00e7u 87 signalements de violences sexuelles, dont 63 directement li\u00e9s au <a href=\"https:\/\/www.20minutes.fr\/societe\/4170483-20250901-nantes-choc-psychologique-rentree-ambiance-pesante-eleves-saint-stanislas\" class=\"c-link c-link--is-underlined\" rel=\"nofollow noopener\" target=\"_blank\">coll\u00e8ge-lyc\u00e9e Saint-Stanislas de Nantes<\/a>.<\/p>\n<p>Dans un communiqu\u00e9 commun, ils pr\u00e9cisent que <a href=\"https:\/\/www.20minutes.fr\/faits_divers\/4170212-20250829-nantes-dix-victimes-cinq-pretres-mis-cause-viols-agressions-denonces-college-lycee-prive\" class=\"c-link c-link--is-underlined\" rel=\"nofollow noopener\" target=\"_blank\">les faits rapport\u00e9s<\/a> concernent majoritairement la p\u00e9riode allant de\u00a01950 \u00e0\u00a01980. Une victime sur deux n\u2019a pas pu identifier son agresseur et deux sur trois n\u2019ont pas \u00e9t\u00e9 en mesure de pr\u00e9ciser la gravit\u00e9 exacte des faits d\u00e9nonc\u00e9s.<\/p>\n<\/p>\n<p>Viols, agressions sexuelles et attouchements<\/p>\n<p>Fin ao\u00fbt, un premier bilan faisait \u00e9tat de dix victimes et de six hommes mis en cause, dont cinq pr\u00eatres d\u00e9sormais d\u00e9c\u00e9d\u00e9s et un membre du personnel \u00e9ducatif non identifi\u00e9. Les t\u00e9moignages recueillis \u00e0 ce stade faisaient \u00e9tat de viols, d\u2019agressions sexuelles et d\u2019attouchements, la plupart commis au sein de l\u2019internat. L\u2019un des cas signal\u00e9s concernait des faits survenus lors de vacances organis\u00e9es par l\u2019\u00e9tablissement.<\/p>\n<p>Ces signalements interviennent dans un contexte d\u00e9j\u00e0 lourd. D\u00e9but septembre, le parquet de Nantes a ouvert <a href=\"https:\/\/www.20minutes.fr\/justice\/4170848-20250902-violences-sexuelles-saint-stanislas-nantes-ouverture-enquete-apres-suicide-victime-presumee\" class=\"c-link c-link--is-underlined\" rel=\"nofollow noopener\" target=\"_blank\">une enqu\u00eate apr\u00e8s le suicide<\/a>, en\u00a02024, d\u2019un homme quadrag\u00e9naire. Celui-ci avait confi\u00e9 avant sa mort avoir \u00e9t\u00e9 victime de violences sexuelles de la part d\u2019un surveillant lorsqu\u2019il \u00e9tait interne \u00e0 Saint-Stanislas.<\/p>\n<p>\u00ab\u00a0Aucune d\u00e9marche ne sera jamais suffisante pour r\u00e9parer une telle souffrance\u00a0\u00bb<\/p>\n<p>Mgr\u00a0Laurent Percerou, \u00e9v\u00eaque de Nantes, a exprim\u00e9 sa profonde \u00e9motion. \u00ab\u00a0Je mesure la gravit\u00e9 des faits qui \u00e9mergent aujourd\u2019hui et la douleur immense qu\u2019ils repr\u00e9sentent pour celles et ceux qui en ont \u00e9t\u00e9 victimes. Aucune d\u00e9marche ne sera jamais suffisante pour r\u00e9parer une telle souffrance. Mais il est de notre devoir de rechercher la v\u00e9rit\u00e9 et de faire tout ce qui est en notre pouvoir pour accueillir, \u00e9couter et accompagner\u00a0\u00bb, a-t-il dit.<\/p>\n<p>Le dioc\u00e8se pr\u00e9cise que cette premi\u00e8re phase d\u2019\u00e9coute n\u2019est qu\u2019une \u00e9tape. \u00ab\u00a0\u00c0 l\u2019issue de cette phase, des \u00e9l\u00e9ments consolid\u00e9s permettront de saisir les autorit\u00e9s judiciaires et de pr\u00e9ciser la responsabilit\u00e9 des \u00e9tablissements concern\u00e9s\u00a0\u00bb, indique le communiqu\u00e9.<\/p>\n<p><a href=\"https:\/\/www.20minutes.fr\/dossier\/violences_sexuelles\" class=\"c-link c-btn c-btn--primary\" rel=\"nofollow noopener\" target=\"_blank\">Notre dossier sur les violences sexuelles<\/a>Un \u00e9tablissement d\u00e9j\u00e0 vis\u00e9 par des accusations<\/p>\n<p>Depuis la publication du rapport de la Ciase (Commission ind\u00e9pendante sur les abus sexuels dans l\u2019\u00c9glise) en\u00a02021, Saint-Stanislas a r\u00e9guli\u00e8rement \u00e9t\u00e9 la cible de tags accusant l\u2019\u00c9glise de viols. Ce rapport estimait \u00e0 330.000 le nombre de mineurs victimes de violences sexuelles au sein de l\u2019\u00c9glise en France, dont 108.000 dans le cadre de l\u2019enseignement catholique.<\/p>\n<p>Avec ces <a href=\"https:\/\/www.20minutes.fr\/faits_divers\/faits-divers-nantes\/4170505-20250902-nantes-surnommait-tateur-victime-ancien-eleve-college-prive-saint-stanislas-temoigne\" class=\"c-link c-link--is-underlined\" rel=\"nofollow noopener\" target=\"_blank\">nouveaux t\u00e9moignages<\/a>, l\u2019affaire Saint-Stanislas s\u2019inscrit dans un scandale plus large qui continue d\u2019\u00e9branler l\u2019\u00c9glise et ses institutions \u00e9ducatives.<\/p>\n","protected":false},"excerpt":{"rendered":"Pr\u00e8s d\u2019un mois apr\u00e8s avoir lanc\u00e9 un appel \u00e0 t\u00e9moignages, le dioc\u00e8se et l\u2019enseignement catholique de Loire-Atlantique ont&hellip;\n","protected":false},"author":2,"featured_media":413512,"comment_status":"","ping_status":"","sticky":false,"template":"","format":"standard","meta":{"footnotes":""},"categories":[2818],"tags":[1111,47,11,12336,1777,674,1011,27,3047,766,12,2636,25,104,799],"class_list":{"0":"post-413511","1":"post","2":"type-post","3":"status-publish","4":"format-standard","5":"has-post-thumbnail","7":"category-nantes","8":"tag-actu","9":"tag-actualite","10":"tag-actualites","11":"tag-eglise","12":"tag-eu","13":"tag-europe","14":"tag-fr","15":"tag-france","16":"tag-loire-atlantique","17":"tag-nantes","18":"tag-news","19":"tag-pays-de-la-loire","20":"tag-republique-francaise","21":"tag-societe","22":"tag-violences-sexuelles"},"share_on_mastodon":{"url":"https:\/\/pubeurope.com\/@fr\/115257287888123877","error":""},"_links":{"self":[{"href":"https:\/\/www.europesays.com\/fr\/wp-json\/wp\/v2\/posts\/413511","targetHints":{"allow":["GET"]}}],"collection":[{"href":"https:\/\/www.europesays.com\/fr\/wp-json\/wp\/v2\/posts"}],"about":[{"href":"https:\/\/www.europesays.com\/fr\/wp-json\/wp\/v2\/types\/post"}],"author":[{"embeddable":true,"href":"https:\/\/www.europesays.com\/fr\/wp-json\/wp\/v2\/users\/2"}],"replies":[{"embeddable":true,"href":"https:\/\/www.europesays.com\/fr\/wp-json\/wp\/v2\/comments?post=413511"}],"version-history":[{"count":0,"href":"https:\/\/www.europesays.com\/fr\/wp-json\/wp\/v2\/posts\/413511\/revisions"}],"wp:featuredmedia":[{"embeddable":true,"href":"https:\/\/www.europesays.com\/fr\/wp-json\/wp\/v2\/media\/413512"}],"wp:attachment":[{"href":"https:\/\/www.europesays.com\/fr\/wp-json\/wp\/v2\/media?parent=413511"}],"wp:term":[{"taxonomy":"category","embeddable":true,"href":"https:\/\/www.europesays.com\/fr\/wp-json\/wp\/v2\/categories?post=413511"},{"taxonomy":"post_tag","embeddable":true,"href":"https:\/\/www.europesays.com\/fr\/wp-json\/wp\/v2\/tags?post=413511"}],"curies":[{"name":"wp","href":"https:\/\/api.w.org\/{rel}","templated":true}]}}