{"id":413516,"date":"2025-09-24T04:05:18","date_gmt":"2025-09-24T04:05:18","guid":{"rendered":"https:\/\/www.europesays.com\/fr\/413516\/"},"modified":"2025-09-24T04:05:18","modified_gmt":"2025-09-24T04:05:18","slug":"la-meteo-de-ce-mercredi-a-toulouse-et-en-occitanie","status":"publish","type":"post","link":"https:\/\/www.europesays.com\/fr\/413516\/","title":{"rendered":"la m\u00e9t\u00e9o de ce mercredi \u00e0 Toulouse et en Occitanie"},"content":{"rendered":"<p>            Par<br \/>\n        <strong><br \/>\n            <a href=\"https:\/\/actu.fr\/auteur\/redaction-toulouse\" title=\"Consulter tous les articles de R\u00e9daction de Toulouse\" target=\"_blank\" rel=\"noopener\">R\u00e9daction de Toulouse<\/a><br \/>\n        <\/strong><\/p>\n<p>        Publi\u00e9 le<\/p>\n<p>            24 sept. 2025 \u00e0 5h04        <\/p>\n<p>Pas de surprise ce mercredi 24\u00a0septembre 2025\u2009: la <strong>grisaille<\/strong> restera de mise et les temp\u00e9ratures, assez basses en Occitanie et <a href=\"https:\/\/actu.fr\/toulouse\/\" target=\"_blank\" rel=\"noopener\">dans la Ville rose<\/a>. Mais des <strong>\u00e9claircies<\/strong> devraient \u00e9gayer cette journ\u00e9e maussade dans l\u2019apr\u00e8s-midi.<\/p>\n<p>Dans la Ville rose<\/p>\n<p class=\" wall-content\">\u00c0 Toulouse, 16 degr\u00e9s sont attendus dans l\u2019apr\u00e8s-midi, avec des rafales qui ne d\u00e9passeront pas les 20 kilom\u00e8tres\/heure. Le ciel sera couvert le matin mais \u00e0 partir de 15\u00a0heures, on attend des \u00e9claircies qui dureront jusqu\u2019\u00e0 la nuit tomb\u00e9e.<\/p>\n<p>    <img   decoding=\"async\" loading=\"lazy\" src=\"https:\/\/www.europesays.com\/fr\/wp-content\/uploads\/2025\/09\/meteo-toulouse-24-sept-960x622.jpg\" alt=\"Des \u00e9claircies devraient \u00e9clairer le ciel toulousain.\" width=\"960\" height=\"622\"\/><br \/>\n    Des \u00e9claircies devraient \u00e9clairer le ciel toulousain. (\u00a9M\u00e9t\u00e9o France)Et en Occitanie\u2009?<\/p>\n<p class=\" wall-content\">Dans la r\u00e9gion, les temp\u00e9ratures resteront comparables \u00e0 celles de Toulouse avec entre 14 et 16 degr\u00e9s attendus dans le centre et le sud de l\u2019Occitanie. En d\u00e9tail, il fera <strong>plus frais au nord<\/strong> avec 10 degr\u00e9s pr\u00e9vus \u00e0 Rodez et 6, \u00e0 Laguiole, l\u2019apr\u00e8s-midi. La c\u00f4te m\u00e9diterran\u00e9enne affichera des temp\u00e9ratures plus cl\u00e9mentes\u2009: 18 \u00e0 <a href=\"https:\/\/actu.fr\/perpignan\/\" target=\"_blank\" rel=\"noopener\">Perpignan<\/a>, 19 \u00e0 Montpellier.<\/p>\n<p>    <img   decoding=\"async\" loading=\"lazy\" src=\"https:\/\/www.europesays.com\/fr\/wp-content\/uploads\/2025\/09\/meteo-occitanie-24-sept-960x640.jpg\" alt=\"La m\u00e9t\u00e9o en Occitanie dans l'apr\u00e8s-midi.\" width=\"960\" height=\"640\"\/><br \/>\n    La m\u00e9t\u00e9o en Occitanie dans l\u2019apr\u00e8s-midi. (\u00a9M\u00e9t\u00e9o France)<\/p>\n<p class=\" wall-content\">La matin\u00e9e sera l\u00e0 aussi couverte mais l\u2019apr\u00e8s-midi, des <strong>\u00e9claircies<\/strong> sont attendues partout en Occitanie \u00e0 part dans l\u2019Aveyron et \u00e0 Cahors, o\u00f9 il devrait pleuvoir.<\/p>\n<p class=\" wall-content\">Personnalisez votre actualit\u00e9 en ajoutant vos villes et m\u00e9dias en favori avec <a href=\"https:\/\/moncompte.actu.fr\" title=\"D\u00e9couvez Mon Actu\" rel=\"nofollow noopener\" data-trk=\"{&quot;cta&quot;:{&quot;action&quot;:&quot;https:\\\/\\\/moncompte.actu.fr&quot;,&quot;category&quot;:&quot;mon compte&quot;,&quot;from&quot;:&quot;article footer&quot;,&quot;name&quot;:&quot;Mon actu&quot;,&quot;type&quot;:&quot;cta&quot;}}\" target=\"_blank\">Mon Actu<\/a>.<\/p>\n","protected":false},"excerpt":{"rendered":"Par R\u00e9daction de Toulouse Publi\u00e9 le 24 sept. 2025 \u00e0 5h04 Pas de surprise ce mercredi 24\u00a0septembre 2025\u2009:&hellip;\n","protected":false},"author":2,"featured_media":413517,"comment_status":"","ping_status":"","sticky":false,"template":"","format":"standard","meta":{"footnotes":""},"categories":[2816],"tags":[1111,11,1777,674,1011,27,2487,2357,12,2680,25,2312],"class_list":{"0":"post-413516","1":"post","2":"type-post","3":"status-publish","4":"format-standard","5":"has-post-thumbnail","7":"category-toulouse","8":"tag-actu","9":"tag-actualites","10":"tag-eu","11":"tag-europe","12":"tag-fr","13":"tag-france","14":"tag-meteo","15":"tag-meteo-france","16":"tag-news","17":"tag-occitanie","18":"tag-republique-francaise","19":"tag-toulouse"},"share_on_mastodon":{"url":"https:\/\/pubeurope.com\/@fr\/115257300430552139","error":""},"_links":{"self":[{"href":"https:\/\/www.europesays.com\/fr\/wp-json\/wp\/v2\/posts\/413516","targetHints":{"allow":["GET"]}}],"collection":[{"href":"https:\/\/www.europesays.com\/fr\/wp-json\/wp\/v2\/posts"}],"about":[{"href":"https:\/\/www.europesays.com\/fr\/wp-json\/wp\/v2\/types\/post"}],"author":[{"embeddable":true,"href":"https:\/\/www.europesays.com\/fr\/wp-json\/wp\/v2\/users\/2"}],"replies":[{"embeddable":true,"href":"https:\/\/www.europesays.com\/fr\/wp-json\/wp\/v2\/comments?post=413516"}],"version-history":[{"count":0,"href":"https:\/\/www.europesays.com\/fr\/wp-json\/wp\/v2\/posts\/413516\/revisions"}],"wp:featuredmedia":[{"embeddable":true,"href":"https:\/\/www.europesays.com\/fr\/wp-json\/wp\/v2\/media\/413517"}],"wp:attachment":[{"href":"https:\/\/www.europesays.com\/fr\/wp-json\/wp\/v2\/media?parent=413516"}],"wp:term":[{"taxonomy":"category","embeddable":true,"href":"https:\/\/www.europesays.com\/fr\/wp-json\/wp\/v2\/categories?post=413516"},{"taxonomy":"post_tag","embeddable":true,"href":"https:\/\/www.europesays.com\/fr\/wp-json\/wp\/v2\/tags?post=413516"}],"curies":[{"name":"wp","href":"https:\/\/api.w.org\/{rel}","templated":true}]}}