{"id":413519,"date":"2025-09-24T04:10:30","date_gmt":"2025-09-24T04:10:30","guid":{"rendered":"https:\/\/www.europesays.com\/fr\/413519\/"},"modified":"2025-09-24T04:10:30","modified_gmt":"2025-09-24T04:10:30","slug":"lens-et-un-grand-thauvin-corrigent-lille-dans-le-derby-du-nord","status":"publish","type":"post","link":"https:\/\/www.europesays.com\/fr\/413519\/","title":{"rendered":"Lens et un grand Thauvin corrigent Lille dans le derby du Nord"},"content":{"rendered":"<p>Dans leur stade Bollaert, les Sang et Or ont domin\u00e9 le LOSC sous le d\u00e9luge. Florian Thauvin a trouv\u00e9 le chemin des filets, au contraire d\u2019Olivier Giroud c\u00f4t\u00e9 lillois.<\/p>\n<p class=\"fig-paragraph\">Soir de f\u00eate \u00e0 Bollaert. Lens a mis un terme \u00e0 sa disette de trois ans et demi dans le derby du Nord et\u00a0<a href=\"https:\/\/www.lefigaro.fr\/sports\/football\/live\/ligue-1\/2025\/2568469\/lens-lille\" data-fig-type=\"Live\" data-gtm-custom-categorie=\"navigation\" data-gtm-custom-action=\"crossclick\" data-gtm-custom-label=\"Contextuel\" data-gtm-event=\"customEventSPE\" data-fig-domain=\"LEFIGARO\" target=\"_blank\" rel=\"noopener\">inflig\u00e9 \u00e0 Lille (3-0) sa premi\u00e8re d\u00e9faite de la saison<\/a>\u00a0samedi soir lors de la cinqui\u00e8me journ\u00e9e de Ligue 1.<\/p>\n<p class=\"fig-paragraph\">Lorsque l\u2019orage a \u00e9clat\u00e9, peu avant la demi-heure de jeu dans les environs du Stade Bollaert, le tonnerre a retenti au loin mais c\u2019est bien sur la pelouse que la foudre est tomb\u00e9e, toujours c\u00f4t\u00e9 lillois. Avec ce large score et l\u2019attente du public lensois, ce derby fera date, dans la riche histoire des affrontements bouillants entre ces deux rivaux historiques.<\/p>\n<p>                                    <a class=\"fig-a11y-skip a11y-hidden\" href=\"#fig-a11y-skip-main-inarticle\"><br \/>\n        Passer la publicit\u00e9<br \/>\n    <\/a><\/p>\n<p class=\"fig-paragraph\">Lens a \u00e9gal\u00e9 son plus large succ\u00e8s contre son rival honni en Ligue 1, 43 ans apr\u00e8s une victoire 3 \u00e0 0, d\u00e9j\u00e0, selon le statisticien Opta. Au classement, ce succ\u00e8s permet provisoirement aux Sang et Or de grimper au quatri\u00e8me rang (neuf points), dans le sillage de son adversaire du soir (troisi\u00e8me, dix points), dont le d\u00e9but de saison jusque-l\u00e0 id\u00e9al est d\u00e9sormais terni d\u2019un affront.<\/p>\n<p>Lille prend l\u2019eau sous le d\u00e9luge<\/p>\n<p class=\"fig-paragraph\">Sans ses deux tauliers, le d\u00e9fenseur central Alexsandro, bless\u00e9 contre Toulouse le week-end dernier, et, le capitaine Benjamin Andr\u00e9, absent de derni\u00e8re minute, le Losc n\u2019a jamais su se relever de l\u2019ouverture du score lensoise, apr\u00e8s trente premi\u00e8res minutes pourtant \u00e0 son avantage, o\u00f9 F\u00e9lix Correia (15e) et surtout Hakon Haraldsson (22e) auraient pu marquer en profitant de son jeu de transition et de la vitesse de ses ailiers.<\/p>\n<p class=\"fig-paragraph\">Quelques minutes apr\u00e8s le d\u00e9but du d\u00e9luge, les joueurs de Pierre Sage ont surpris les Dogues d\u2019un corner d\u00e9vi\u00e9 au premier poteau par Matthieu Udol puis par Wesley Sa\u00efd (28e), reconduit, tout comme Rayan Fofana, dans le onze de d\u00e9part par l\u2019entra\u00eeneur, apr\u00e8s leur passage sur le banc des rempla\u00e7ants \u00e0 Paris la semaine derni\u00e8re.<\/p>\n<p class=\"fig-paragraph\">Sortis de leur match, les Lillois ont continu\u00e9 \u00e0 prendre l\u2019eau\u00a0: Rayan Fofana a manqu\u00e9 une occasion en or de doubler le score apr\u00e8s une r\u00e9cup\u00e9ration haute (40e), mais pas Florian Thauvin, apr\u00e8s une perte de balle coupable de F\u00e9lix Correia (43e).<\/p>\n<p>Thauvin gagne son duel avec Giroud<\/p>\n<p class=\"fig-paragraph\">Dans le duel des champions du monde 2018, Thauvin l\u2019a donc emport\u00e9 avec la mani\u00e8re contre Giroud, capitaine d\u2019un soir en l\u2019absence d\u2019Andr\u00e9, apr\u00e8s le coup d\u2019envoi donn\u00e9 par un autre Bleu glorieux, Rapha\u00ebl Varane, form\u00e9 \u00e0 Lens.<\/p>\n<p>                                    <a class=\"fig-a11y-skip a11y-hidden\" href=\"#fig-a11y-skip-main-inarticle_mtf\"><br \/>\n        Passer la publicit\u00e9<br \/>\n    <\/a><\/p>\n<p class=\"fig-paragraph\">Par la suite, rien n\u2019a permis \u00e0 Lille de se relancer, ni la premi\u00e8re \u00e9chauffour\u00e9e du match juste avant la pause, initi\u00e9e par une faute d\u2019A\u00efssa Mandi sur Udol, ni les entrants Osame Sahraoui (\u00e0 la mi-temps), Ngal\u2019ayel Mukau (59e), Hamza Igamane (78e) et Ethan Mbapp\u00e9 (77e), pourtant si pr\u00e9cieux depuis le d\u00e9but de la saison.<\/p>\n<p class=\"fig-paragraph\">Lens tenait sa victoire r\u00e9f\u00e9rence, et s\u2019est m\u00eame permis d\u2019accro\u00eetre le score, qui a fr\u00f4l\u00e9 l\u2019humiliation, gr\u00e2ce \u00e0 Fofana, confirmant le choix de Pierre Sage au coup d\u2019envoi. Le jeune buteur (vingt ans) s\u2019est trouv\u00e9 au bon endroit au bon moment pour pousser au fond des filets le ballon d\u00e9tourn\u00e9 une premi\u00e8re fois par Berke \u00d6zer (52e).<\/p>\n<p class=\"fig-paragraph\">Apr\u00e8s l\u2019ouverture du score, le Turc a \u00e9t\u00e9 l\u00e2ch\u00e9 par sa d\u00e9fense, priv\u00e9e, non seulement d\u2019Alexsandro, mais aussi de Romain Perraud, bless\u00e9 et sorti \u00e0 la 18e minute, offrant bien malgr\u00e9 lui \u00e0 Calvin Verdonk un bapt\u00eame du feu qui s\u2019est av\u00e9r\u00e9 tr\u00e8s compliqu\u00e9.<\/p>\n<p class=\"fig-paragraph\">Ce troisi\u00e8me but a d\u00e9moralis\u00e9 le club nordiste, tandis que les Lensois f\u00eataient cette victoire qui se profilait en tribunes et m\u00eame en dehors du stade, quand, \u00e0 dix minutes du terme, des feux d\u2019artifice allum\u00e9s aux abords du stade ont illumin\u00e9 le ciel de Bollaert.<\/p>\n","protected":false},"excerpt":{"rendered":"Dans leur stade Bollaert, les Sang et Or ont domin\u00e9 le LOSC sous le d\u00e9luge. Florian Thauvin a&hellip;\n","protected":false},"author":2,"featured_media":413520,"comment_status":"","ping_status":"","sticky":false,"template":"","format":"standard","meta":{"footnotes":""},"categories":[2815],"tags":[1111,11,1777,674,43563,1011,27,811,1307,2267,12,2264,25],"class_list":{"0":"post-413519","1":"post","2":"type-post","3":"status-publish","4":"format-standard","5":"has-post-thumbnail","7":"category-lille","8":"tag-actu","9":"tag-actualites","10":"tag-eu","11":"tag-europe","12":"tag-florian-thauvin","13":"tag-fr","14":"tag-france","15":"tag-hauts-de-france","16":"tag-lille","17":"tag-losc","18":"tag-news","19":"tag-rc-lens","20":"tag-republique-francaise"},"share_on_mastodon":{"url":"https:\/\/pubeurope.com\/@fr\/115257319276195475","error":""},"_links":{"self":[{"href":"https:\/\/www.europesays.com\/fr\/wp-json\/wp\/v2\/posts\/413519","targetHints":{"allow":["GET"]}}],"collection":[{"href":"https:\/\/www.europesays.com\/fr\/wp-json\/wp\/v2\/posts"}],"about":[{"href":"https:\/\/www.europesays.com\/fr\/wp-json\/wp\/v2\/types\/post"}],"author":[{"embeddable":true,"href":"https:\/\/www.europesays.com\/fr\/wp-json\/wp\/v2\/users\/2"}],"replies":[{"embeddable":true,"href":"https:\/\/www.europesays.com\/fr\/wp-json\/wp\/v2\/comments?post=413519"}],"version-history":[{"count":0,"href":"https:\/\/www.europesays.com\/fr\/wp-json\/wp\/v2\/posts\/413519\/revisions"}],"wp:featuredmedia":[{"embeddable":true,"href":"https:\/\/www.europesays.com\/fr\/wp-json\/wp\/v2\/media\/413520"}],"wp:attachment":[{"href":"https:\/\/www.europesays.com\/fr\/wp-json\/wp\/v2\/media?parent=413519"}],"wp:term":[{"taxonomy":"category","embeddable":true,"href":"https:\/\/www.europesays.com\/fr\/wp-json\/wp\/v2\/categories?post=413519"},{"taxonomy":"post_tag","embeddable":true,"href":"https:\/\/www.europesays.com\/fr\/wp-json\/wp\/v2\/tags?post=413519"}],"curies":[{"name":"wp","href":"https:\/\/api.w.org\/{rel}","templated":true}]}}