{"id":413525,"date":"2025-09-24T04:13:33","date_gmt":"2025-09-24T04:13:33","guid":{"rendered":"https:\/\/www.europesays.com\/fr\/413525\/"},"modified":"2025-09-24T04:13:33","modified_gmt":"2025-09-24T04:13:33","slug":"moutons-lapins-cochons-des-animaux-de-la-ferme-sinstallent-a-lyon-ce-mercredi","status":"publish","type":"post","link":"https:\/\/www.europesays.com\/fr\/413525\/","title":{"rendered":"Moutons, lapins, cochons : des animaux de la ferme s&rsquo;installent \u00e0 Lyon ce mercredi"},"content":{"rendered":"<p>L&rsquo;association Naturama organise la 2e \u00e9dition de sa ferme itin\u00e9rante dans le 2e arrondissement de Lyon ce mercredi 24 septembre. L&rsquo;entr\u00e9e est libre. L&rsquo;occasion de voir des cochons, des ch\u00e8vres ou encore des moutons.<\/p>\n<p>Si vous vous baladez dans le centre-ville de Lyon demain, vous croiserez peut-\u00eatre des moutons, des lapins ou des oies ! Mercredi 24 septembre, pendant toute la journ\u00e9e, <b>une ferme p\u00e9dagogique<\/b> de l&rsquo;association Naturama s&rsquo;installe en Presqu&rsquo;\u00eele.<\/p>\n<p>Des canards, des ch\u00e8vres ou encore des cochons \u00e0 Lyon !<\/p>\n<p>De nombreux animaux seront pr\u00e9sents \u00e0 <b>la Station Mue<\/b>, dans le 2e arrondissement, pour la 2e \u00e9dition de cette ferme itin\u00e9rante.<\/p>\n<p><b>Entre 9h et 17h<\/b>, les visiteurs pourront c\u00f4toyer des cochons, des canards, des poules, des oies ou encore des ch\u00e8vres.<\/p>\n<p>Pour participer \u00e0 cet \u00e9v\u00e9nement, il faut s&rsquo;inscrire gratuitement par adresse mail \u00e0 maison@lyon-confluence.fr.<\/p>\n<p>La Station Mue se trouve au 155 cours Charlemagne. Plus d&rsquo;informations sur <a class=\"url\" href=\"https:\/\/www.facebook.com\/events\/2220797155099456\/?acontext=%7B%22event_action_history%22%3A[%7B%22mechanism%22%3A%22attachment%22%2C%22surface%22%3A%22newsfeed%22%7D\" target=\"_blank\" rel=\"noopener\">Facebook<\/a>.<\/p>\n<p><img loading=\"lazy\" decoding=\"async\" src=\"https:\/\/www.europesays.com\/fr\/wp-content\/uploads\/2025\/09\/1758687213_381_img\" width=\"350\" height=\"200\" border=\"0\" title=\"Un b\u00c3\u00a9b\u00c3\u00a9 tortue charbonni\u00c3\u00a8re au zoo de Saint-Martin-la-Plaine (Loire)\"\/><\/p>\n<p>\u25baSoci\u00e9t\u00e9<\/p>\n<p style=\"font-size: 22px;\"><b>PHOTOS &#8211; Victimes de trafic, ces tortues viennent de na\u00eetre au zoo de Saint-Martin-la-Plaine<\/b><\/p>\n<p>Le zoo de Saint-Martin-la-Plaine, dans la Loire,&#8230;<\/p>\n<p><\/p>\n","protected":false},"excerpt":{"rendered":"L&rsquo;association Naturama organise la 2e \u00e9dition de sa ferme itin\u00e9rante dans le 2e arrondissement de Lyon ce mercredi&hellip;\n","protected":false},"author":2,"featured_media":413526,"comment_status":"","ping_status":"","sticky":false,"template":"","format":"standard","meta":{"footnotes":""},"categories":[1889],"tags":[1111,11,2430,54417,54416,1777,674,9095,1011,27,43273,2428,24001,54418,12,25],"class_list":{"0":"post-413525","1":"post","2":"type-post","3":"status-publish","4":"format-standard","5":"has-post-thumbnail","7":"category-lyon","8":"tag-actu","9":"tag-actualites","10":"tag-auvergne-rhone-alpes","11":"tag-canards","12":"tag-cochons","13":"tag-eu","14":"tag-europe","15":"tag-ferme","16":"tag-fr","17":"tag-france","18":"tag-lapins","19":"tag-lyon","20":"tag-moutons","21":"tag-naturama","22":"tag-news","23":"tag-republique-francaise"},"share_on_mastodon":{"url":"https:\/\/pubeurope.com\/@fr\/115257331654779733","error":""},"_links":{"self":[{"href":"https:\/\/www.europesays.com\/fr\/wp-json\/wp\/v2\/posts\/413525","targetHints":{"allow":["GET"]}}],"collection":[{"href":"https:\/\/www.europesays.com\/fr\/wp-json\/wp\/v2\/posts"}],"about":[{"href":"https:\/\/www.europesays.com\/fr\/wp-json\/wp\/v2\/types\/post"}],"author":[{"embeddable":true,"href":"https:\/\/www.europesays.com\/fr\/wp-json\/wp\/v2\/users\/2"}],"replies":[{"embeddable":true,"href":"https:\/\/www.europesays.com\/fr\/wp-json\/wp\/v2\/comments?post=413525"}],"version-history":[{"count":0,"href":"https:\/\/www.europesays.com\/fr\/wp-json\/wp\/v2\/posts\/413525\/revisions"}],"wp:featuredmedia":[{"embeddable":true,"href":"https:\/\/www.europesays.com\/fr\/wp-json\/wp\/v2\/media\/413526"}],"wp:attachment":[{"href":"https:\/\/www.europesays.com\/fr\/wp-json\/wp\/v2\/media?parent=413525"}],"wp:term":[{"taxonomy":"category","embeddable":true,"href":"https:\/\/www.europesays.com\/fr\/wp-json\/wp\/v2\/categories?post=413525"},{"taxonomy":"post_tag","embeddable":true,"href":"https:\/\/www.europesays.com\/fr\/wp-json\/wp\/v2\/tags?post=413525"}],"curies":[{"name":"wp","href":"https:\/\/api.w.org\/{rel}","templated":true}]}}