{"id":413527,"date":"2025-09-24T04:14:13","date_gmt":"2025-09-24T04:14:13","guid":{"rendered":"https:\/\/www.europesays.com\/fr\/413527\/"},"modified":"2025-09-24T04:14:13","modified_gmt":"2025-09-24T04:14:13","slug":"linstitution-lyonnaise-au-ptit-zinc-menacee-pour-des-verres-trop-bien-servis","status":"publish","type":"post","link":"https:\/\/www.europesays.com\/fr\/413527\/","title":{"rendered":"l\u2019institution lyonnaise Au P\u2019tit Zinc menac\u00e9e pour des verres trop bien servis"},"content":{"rendered":"<p>Ce mardi, sur les quais de Sa\u00f4ne, le ciel est gris, comme l\u2019humeur du patron. Dans la salle silencieuse, le vieux bar en zinc, celui qui a donn\u00e9 son nom \u00e0 l\u2019\u00e9tablissement, a depuis longtemps \u00e9t\u00e9 remplac\u00e9 par de l\u2019inox. Mais l\u2019esprit du lieu, lui, n\u2019a jamais chang\u00e9. Depuis 33 ans, quai Pierre-Scize, Au P\u2019tit Zinc est un morceau de nuit lyonnaise, un bistrot festif, devenu institution. Aujourd\u2019hui, il vacille. Son patron, Laurent Merle, est convoqu\u00e9 au tribunal pour une liquidation judiciaire.<\/p>\n<p>En attendant, l\u2019homme, 61 ans, s\u2019affaire encore derri\u00e8re les fourneaux. \u00ab\u00a0Vous voyez le resto vide, mais il suffit d\u2019imaginer la musique, les verres qui tintent, les clients qui dansent. Ici, il se passe toujours quelque chose\u00a0\u00bb, souffle-t-il, le regard fatigu\u00e9 mais la voix encore pleine d\u2019entrain.<\/p>\n<p>Depuis le 11\u00a0mai 1992, date \u00e0 laquelle il a commenc\u00e9 comme barman, Laurent n\u2019a jamais quitt\u00e9 Au P\u2019tit Zinc. Six mois plus tard, il en devenait le responsable. En 2002, il rachetait le fonds de commerce \u00e0&#8230;<\/p>\n","protected":false},"excerpt":{"rendered":"Ce mardi, sur les quais de Sa\u00f4ne, le ciel est gris, comme l\u2019humeur du patron. Dans la salle&hellip;\n","protected":false},"author":2,"featured_media":413528,"comment_status":"","ping_status":"","sticky":false,"template":"","format":"standard","meta":{"footnotes":""},"categories":[1889],"tags":[1111,11,2430,4406,33,2757,1777,674,1011,27,2428,15658,15657,12,25,2429,3151,104],"class_list":{"0":"post-413527","1":"post","2":"type-post","3":"status-publish","4":"format-standard","5":"has-post-thumbnail","7":"category-lyon","8":"tag-actu","9":"tag-actualites","10":"tag-auvergne-rhone-alpes","11":"tag-commerce-et-services","12":"tag-economie","13":"tag-edition-lyon-villeurbanne","14":"tag-eu","15":"tag-europe","16":"tag-fr","17":"tag-france","18":"tag-lyon","19":"tag-lyon-5e","20":"tag-lyon-5e-arrondissement","21":"tag-news","22":"tag-republique-francaise","23":"tag-rhone","24":"tag-selection-de-la-redaction-69","25":"tag-societe"},"share_on_mastodon":{"url":"https:\/\/pubeurope.com\/@fr\/115257334990938526","error":""},"_links":{"self":[{"href":"https:\/\/www.europesays.com\/fr\/wp-json\/wp\/v2\/posts\/413527","targetHints":{"allow":["GET"]}}],"collection":[{"href":"https:\/\/www.europesays.com\/fr\/wp-json\/wp\/v2\/posts"}],"about":[{"href":"https:\/\/www.europesays.com\/fr\/wp-json\/wp\/v2\/types\/post"}],"author":[{"embeddable":true,"href":"https:\/\/www.europesays.com\/fr\/wp-json\/wp\/v2\/users\/2"}],"replies":[{"embeddable":true,"href":"https:\/\/www.europesays.com\/fr\/wp-json\/wp\/v2\/comments?post=413527"}],"version-history":[{"count":0,"href":"https:\/\/www.europesays.com\/fr\/wp-json\/wp\/v2\/posts\/413527\/revisions"}],"wp:featuredmedia":[{"embeddable":true,"href":"https:\/\/www.europesays.com\/fr\/wp-json\/wp\/v2\/media\/413528"}],"wp:attachment":[{"href":"https:\/\/www.europesays.com\/fr\/wp-json\/wp\/v2\/media?parent=413527"}],"wp:term":[{"taxonomy":"category","embeddable":true,"href":"https:\/\/www.europesays.com\/fr\/wp-json\/wp\/v2\/categories?post=413527"},{"taxonomy":"post_tag","embeddable":true,"href":"https:\/\/www.europesays.com\/fr\/wp-json\/wp\/v2\/tags?post=413527"}],"curies":[{"name":"wp","href":"https:\/\/api.w.org\/{rel}","templated":true}]}}