{"id":413535,"date":"2025-09-24T04:19:24","date_gmt":"2025-09-24T04:19:24","guid":{"rendered":"https:\/\/www.europesays.com\/fr\/413535\/"},"modified":"2025-09-24T04:19:24","modified_gmt":"2025-09-24T04:19:24","slug":"rapport-de-la-cour-des-comptes-polemiques-une-rentree-sous-pression-a-france-televisions","status":"publish","type":"post","link":"https:\/\/www.europesays.com\/fr\/413535\/","title":{"rendered":"Rapport de la Cour des comptes, pol\u00e9miques\u2026 Une rentr\u00e9e sous pression \u00e0 France T\u00e9l\u00e9visions"},"content":{"rendered":"<p class=\"paragraph text_align_left lp-f-body-02\">\u00ab Les emmerdes, \u00e7a vole toujours en escadrille \u00bb. La phrase f\u00e9tiche de Jacques Chirac r\u00e9sonne \u00e0 tous les \u00e9tages du si\u00e8ge parisien de <a href=\"https:\/\/www.leparisien.fr\/culture-loisirs\/france-tv\/\" target=\"_blank\" rel=\"noreferrer nofollow noopener\">France T\u00e9l\u00e9visions<\/a> (XVe arrondissement). Il y a un an, le groupe public faisait une rentr\u00e9e en fanfare, apr\u00e8s le succ\u00e8s <a href=\"https:\/\/www.leparisien.fr\/culture-loisirs\/tv\/une-magie-sopere-sur-france-2-france-3-france-5-et-eurosport-les-francais-se-passionnent-pour-les-jeux-olympiques-30-07-2024-756X6IVP6NFHZOIXBJH7SIUJME.php\" target=\"_blank\" rel=\"noreferrer nofollow noopener\">de sa couverture des Jeux olympiques<\/a> et une pluie de records d\u2019audience \u00e0 la cl\u00e9. Douze mois plus tard, ce moment de gr\u00e2ce semble bien lointain. <a href=\"https:\/\/www.leparisien.fr\/culture-loisirs\/tv\/hanouna-retrouve-son-public-quotidien-plus-jeune-salame-reste-a-la-traine-voici-toutes-les-audiences-de-la-rentree-20-09-2025-4MCOGJMNKNCUJH7JEFDTH5XUDI.php\" target=\"_blank\" rel=\"noreferrer nofollow noopener\">Les audiences de la rentr\u00e9e<\/a> ne sont pas au beau fixe. Ce mardi matin, la publication attendue du rapport de la Cour des comptes est venue doucher les derniers enthousiastes.<\/p>\n<p class=\"paragraph text_align_left lp-f-body-02\">En 166 pages, le document alerte sur les finances des cha\u00eenes publiques. Il liste une s\u00e9rie de r\u00e9formes urgentes \u00e0 mener pour r\u00e9aliser des \u00e9conomies, comme la limitation des frais de taxi pour ceux qui interviennent &#8211; salari\u00e9s et invit\u00e9s &#8211; dans toutes les \u00e9missions matinales ou les tranches de nuit (3,8 millions d\u2019euros en tout en 2024) ou la ren\u00e9gociation rapide de \u00ab l\u2019accord collectif \u00bb de l\u2019entreprise pour am\u00e9liorer la polyvalence des salari\u00e9s.<\/p>\n","protected":false},"excerpt":{"rendered":"\u00ab Les emmerdes, \u00e7a vole toujours en escadrille \u00bb. La phrase f\u00e9tiche de Jacques Chirac r\u00e9sonne \u00e0 tous&hellip;\n","protected":false},"author":2,"featured_media":413536,"comment_status":"","ping_status":"","sticky":false,"template":"","format":"standard","meta":{"footnotes":""},"categories":[1888],"tags":[11,872,1777,674,1011,27,12,626,25,2205],"class_list":{"0":"post-413535","1":"post","2":"type-post","3":"status-publish","4":"format-standard","5":"has-post-thumbnail","7":"category-paris","8":"tag-actualites","9":"tag-culture-et-loisirs","10":"tag-eu","11":"tag-europe","12":"tag-fr","13":"tag-france","14":"tag-news","15":"tag-paris","16":"tag-republique-francaise","17":"tag-television-medias"},"share_on_mastodon":{"url":"https:\/\/pubeurope.com\/@fr\/115257354793240329","error":""},"_links":{"self":[{"href":"https:\/\/www.europesays.com\/fr\/wp-json\/wp\/v2\/posts\/413535","targetHints":{"allow":["GET"]}}],"collection":[{"href":"https:\/\/www.europesays.com\/fr\/wp-json\/wp\/v2\/posts"}],"about":[{"href":"https:\/\/www.europesays.com\/fr\/wp-json\/wp\/v2\/types\/post"}],"author":[{"embeddable":true,"href":"https:\/\/www.europesays.com\/fr\/wp-json\/wp\/v2\/users\/2"}],"replies":[{"embeddable":true,"href":"https:\/\/www.europesays.com\/fr\/wp-json\/wp\/v2\/comments?post=413535"}],"version-history":[{"count":0,"href":"https:\/\/www.europesays.com\/fr\/wp-json\/wp\/v2\/posts\/413535\/revisions"}],"wp:featuredmedia":[{"embeddable":true,"href":"https:\/\/www.europesays.com\/fr\/wp-json\/wp\/v2\/media\/413536"}],"wp:attachment":[{"href":"https:\/\/www.europesays.com\/fr\/wp-json\/wp\/v2\/media?parent=413535"}],"wp:term":[{"taxonomy":"category","embeddable":true,"href":"https:\/\/www.europesays.com\/fr\/wp-json\/wp\/v2\/categories?post=413535"},{"taxonomy":"post_tag","embeddable":true,"href":"https:\/\/www.europesays.com\/fr\/wp-json\/wp\/v2\/tags?post=413535"}],"curies":[{"name":"wp","href":"https:\/\/api.w.org\/{rel}","templated":true}]}}