{"id":413543,"date":"2025-09-24T04:23:11","date_gmt":"2025-09-24T04:23:11","guid":{"rendered":"https:\/\/www.europesays.com\/fr\/413543\/"},"modified":"2025-09-24T04:23:11","modified_gmt":"2025-09-24T04:23:11","slug":"le-ministre-chinois-des-affaires-etrangeres-accueille-une-delegation-du-congres-americain","status":"publish","type":"post","link":"https:\/\/www.europesays.com\/fr\/413543\/","title":{"rendered":"Le ministre chinois des Affaires \u00e9trang\u00e8res accueille une d\u00e9l\u00e9gation du Congr\u00e8s am\u00e9ricain"},"content":{"rendered":"<p>AA \/ Istanbul \/ Saadet Gokce<\/p>\n<p>Le ministre chinois des Affaires \u00e9trang\u00e8res, Wang Yi, a rencontr\u00e9 mardi une d\u00e9l\u00e9gation de membres du Congr\u00e8s am\u00e9ricain \u00e0 P\u00e9kin, qualifiant leur visite de \u00ab voyage brise-glace \u00bb pour les relations sino-am\u00e9ricaines.<\/p>\n<p>Il s\u2019agissait de la premi\u00e8re visite d\u2019une d\u00e9l\u00e9gation de la Chambre des repr\u00e9sentants des \u00c9tats-Unis en Chine depuis 2019.<\/p>\n<p>Selon un communiqu\u00e9 du minist\u00e8re chinois des Affaires \u00e9trang\u00e8res, les deux parties ont eu \u00ab un \u00e9change franc et approfondi \u00bb sur le renforcement de la communication et la promotion d\u2019un \u00ab d\u00e9veloppement stable, sain et durable des relations sino-am\u00e9ricaines \u00bb.<\/p>\n<p>La d\u00e9l\u00e9gation \u00e9tait dirig\u00e9e par Adam Smith, principal d\u00e9mocrate du comit\u00e9 des forces arm\u00e9es de la Chambre des repr\u00e9sentants.<\/p>\n<p>Le chef de la diplomatie chinoise a exprim\u00e9 l\u2019espoir que cette visite aide Washington \u00e0 mieux comprendre la Chine, \u00e0 mener des interactions amicales et \u00e0 explorer activement la coop\u00e9ration bilat\u00e9rale.<\/p>\n<p>\u00ab La stabilisation actuelle des relations sino-am\u00e9ricaines est durement acquise et doit \u00eatre pr\u00e9serv\u00e9e \u00bb, a-t-il d\u00e9clar\u00e9, soulignant que les deux appels t\u00e9l\u00e9phoniques tenus cette ann\u00e9e entre le pr\u00e9sident am\u00e9ricain Donald Trump et le pr\u00e9sident chinois Xi Jinping \u00ab ont fix\u00e9 le ton et l\u2019orientation \u00bb pour le d\u00e9veloppement des relations bilat\u00e9rales.<\/p>\n<p>Le ministre a ajout\u00e9 que la Chine a toujours sa porte ouverte et que d\u2019autres l\u00e9gislateurs am\u00e9ricains sont les bienvenus pour visiter le pays et engager le dialogue.<\/p>\n<p>\u00ab La Chine et les \u00c9tats-Unis sont partenaires, non rivaux, et encore moins ennemis \u00bb, a affirm\u00e9 Wang, appelant Washington \u00e0 renforcer les \u00e9changes et le dialogue, \u00e9viter les malentendus et les mauvaises \u00e9valuations, pr\u00e9venir la confrontation et promouvoir une coop\u00e9ration mutuellement b\u00e9n\u00e9fique tout en partageant les responsabilit\u00e9s des grandes puissances.<\/p>\n<p>Wang a \u00e9galement qualifi\u00e9 Ta\u00efwan d\u2019\u00ab affaire interne \u00bb, rappelant que Washington avait pris un engagement politique en faveur du principe d\u2019une seule Chine, et ajoutant que maintenir la paix et la stabilit\u00e9 dans le d\u00e9troit de Ta\u00efwan n\u00e9cessite une opposition ferme \u00e0 l\u2019ind\u00e9pendance de l\u2019\u00eele.<\/p>\n<p>Le ministre chinois de la D\u00e9fense, Dong Jun, a accueilli la d\u00e9l\u00e9gation am\u00e9ricaine lundi lors d\u2019un \u00e9v\u00e9nement rare, soulignant l\u2019importance pour le groupe bipartisan d\u2019aider \u00e0 \u00e9liminer les \u00ab facteurs perturbateurs \u00bb dans les relations bilat\u00e9rales.<\/p>\n<p>Dong a rencontr\u00e9 des membres de la Chambre des repr\u00e9sentants, dont Smith, Michael Baumgartner, Ro Khanna et Chrissy Houlahan.<\/p>\n<p>\u00ab Il est vital que la Chine permette une communication directe r\u00e9guli\u00e8re accrue entre ses forces arm\u00e9es et celles des \u00c9tats-Unis\u2026 et qu\u2019elle collabore avec les \u00c9tats-Unis pour contribuer \u00e0 mettre fin au conflit Russie-Ukraine et emp\u00eacher la prolif\u00e9ration nucl\u00e9aire en Iran \u00bb, a d\u00e9clar\u00e9 Baumgartner lundi sur le r\u00e9seau social am\u00e9ricain X.<\/p>\n<p>*Traduit de l&rsquo;anglais par Ben Amed Azize Zougmore<\/p>\n<p>                            &#13;<br \/>\n                                <a href=\"https:\/\/www.aa.com.tr\/fr\/p\/abonnement\/1001\" target=\"_blank\" style=\"font-size:12px; color:#444; text-decoration:none;\" rel=\"noopener\">&#13;<br \/>\n                                    Seulement une partie des d\u00e9p\u00eaches, que l&rsquo;Agence Anadolu diffuse \u00e0 ses abonn\u00e9s via le Syst\u00e8me de Diffusion interne (HAS), est diffus\u00e9e sur le site de l&rsquo;AA, de mani\u00e8re r\u00e9sum\u00e9e. <b style=\"color:#1897F7\">Contactez-nous s&rsquo;il vous pla\u00eet pour vous abonner.<\/b>&#13;<br \/>\n                                <\/a>&#13;<\/p>\n","protected":false},"excerpt":{"rendered":"AA \/ Istanbul \/ Saadet Gokce Le ministre chinois des Affaires \u00e9trang\u00e8res, Wang Yi, a rencontr\u00e9 mardi une&hellip;\n","protected":false},"author":2,"featured_media":413544,"comment_status":"","ping_status":"","sticky":false,"template":"","format":"standard","meta":{"footnotes":""},"categories":[1589],"tags":[11,1785,54419,73,1866,12,54420,1864,1865,1863,308,52343,2744],"class_list":{"0":"post-413543","1":"post","2":"type-post","3":"status-publish","4":"format-standard","5":"has-post-thumbnail","7":"category-etats-unis","8":"tag-actualites","9":"tag-anadolu-ajansi","10":"tag-dlgation-de-membres-du-congrs-amricain-pkin","11":"tag-etats-unis","12":"tag-etats-unis-damerique","13":"tag-news","14":"tag-pkin","15":"tag-united-states","16":"tag-united-states-of-america","17":"tag-us","18":"tag-usa","19":"tag-wang-yi","20":"tag-washington"},"share_on_mastodon":{"url":"https:\/\/pubeurope.com\/@fr\/115257370453651462","error":""},"_links":{"self":[{"href":"https:\/\/www.europesays.com\/fr\/wp-json\/wp\/v2\/posts\/413543","targetHints":{"allow":["GET"]}}],"collection":[{"href":"https:\/\/www.europesays.com\/fr\/wp-json\/wp\/v2\/posts"}],"about":[{"href":"https:\/\/www.europesays.com\/fr\/wp-json\/wp\/v2\/types\/post"}],"author":[{"embeddable":true,"href":"https:\/\/www.europesays.com\/fr\/wp-json\/wp\/v2\/users\/2"}],"replies":[{"embeddable":true,"href":"https:\/\/www.europesays.com\/fr\/wp-json\/wp\/v2\/comments?post=413543"}],"version-history":[{"count":0,"href":"https:\/\/www.europesays.com\/fr\/wp-json\/wp\/v2\/posts\/413543\/revisions"}],"wp:featuredmedia":[{"embeddable":true,"href":"https:\/\/www.europesays.com\/fr\/wp-json\/wp\/v2\/media\/413544"}],"wp:attachment":[{"href":"https:\/\/www.europesays.com\/fr\/wp-json\/wp\/v2\/media?parent=413543"}],"wp:term":[{"taxonomy":"category","embeddable":true,"href":"https:\/\/www.europesays.com\/fr\/wp-json\/wp\/v2\/categories?post=413543"},{"taxonomy":"post_tag","embeddable":true,"href":"https:\/\/www.europesays.com\/fr\/wp-json\/wp\/v2\/tags?post=413543"}],"curies":[{"name":"wp","href":"https:\/\/api.w.org\/{rel}","templated":true}]}}