{"id":413549,"date":"2025-09-24T04:26:10","date_gmt":"2025-09-24T04:26:10","guid":{"rendered":"https:\/\/www.europesays.com\/fr\/413549\/"},"modified":"2025-09-24T04:26:10","modified_gmt":"2025-09-24T04:26:10","slug":"pourquoi-emmanuel-macron-oppose-leurope-a-donald-trump","status":"publish","type":"post","link":"https:\/\/www.europesays.com\/fr\/413549\/","title":{"rendered":"Pourquoi Emmanuel Macron oppose l\u2019Europe \u00e0 Donald Trump"},"content":{"rendered":"\n<p>Peu avant 15\u00a0heures, ce lundi 22\u00a0septembre, Emmanuel Macron est entr\u00e9 dans l\u2019histoire devant l\u2019Assembl\u00e9e g\u00e9n\u00e9rale des Nations unies. \u201cLe temps est venu. C\u2019est pourquoi, fid\u00e8le \u00e0 l\u2019engagement historique de mon pays au Proche-Orient pour la paix entre le peuple isra\u00e9lien et le peuple palestinien, je d\u00e9clare que la France reconna\u00eet aujourd\u2019hui l\u2019\u00c9tat de Palestine.\u201d<\/p>\n<p>Aux c\u00f4t\u00e9s de la France, le Royaume-Uni, la Belgique et le Canada ont \u00e9galement saut\u00e9 le pas \u00e0 New York, une d\u00e9cision qui aurait sembl\u00e9 inconcevable il y a encore deux ans. Car pendant des ann\u00e9es, chacun s\u2019accordait tacitement sur le fait qu\u2019une telle d\u00e9marche viendrait battre en br\u00e8che la responsabilit\u00e9 historique de l\u2019Occident vis-\u00e0-vis d\u2019Isra\u00ebl et mettre en p\u00e9ril sa s\u00e9curit\u00e9.<\/p>\n<p>Mais la contestation populaire enfle un peu plus chaque jour en Europe, face \u00e0 l\u2019op\u00e9ration militaire lanc\u00e9e par l\u2019\u00c9tat h\u00e9breu dans la bande de Gaza apr\u00e8s le <a href=\"https:\/\/www.courrierinternational.com\/article\/moyen-orient-vu-du-monde-arabe-le-7-octobre-marque-surtout-un-an-de-genocide-a-gaza_223092\" target=\"_blank\" rel=\"noopener\">7\u00a0octobre\u00a02023<\/a>. Partout, les gouvernements doivent apporter des r\u00e9ponses \u00e0 leurs citoyens. Et aucun dirigeant n\u2019a su s\u2019emparer de cette col\u00e8re comme Emmanuel Macron.<\/p>\n<p>Que cherche le pr\u00e9sident fran\u00e7ais exactement\u00a0? \u00c0 affirmer l\u2019autonomie de son pays, et de l\u2019Europe, vis-\u00e0-vis des \u00c9tats-Unis de Donald Trump. Et \u00e0 pr\u00e9parer son bilan politique, alors que son deuxi\u00e8me et dernier mandat prendra fin e<\/p>\n","protected":false},"excerpt":{"rendered":"Peu avant 15\u00a0heures, ce lundi 22\u00a0septembre, Emmanuel Macron est entr\u00e9 dans l\u2019histoire devant l\u2019Assembl\u00e9e g\u00e9n\u00e9rale des Nations unies.&hellip;\n","protected":false},"author":2,"featured_media":413550,"comment_status":"","ping_status":"","sticky":false,"template":"","format":"standard","meta":{"footnotes":""},"categories":[1586],"tags":[11,1073,1777,674,1011,27,4629,3821,12,25,54421],"class_list":{"0":"post-413549","1":"post","2":"type-post","3":"status-publish","4":"format-standard","5":"has-post-thumbnail","7":"category-europe","8":"tag-actualites","9":"tag-emmanuel-macron","10":"tag-eu","11":"tag-europe","12":"tag-fr","13":"tag-france","14":"tag-guerre-israu00ebl-hamas","15":"tag-la-france-vue-de-lu2019u00e9tranger","16":"tag-news","17":"tag-republique-francaise","18":"tag-sommet-trump-kim"},"share_on_mastodon":{"url":"https:\/\/pubeurope.com\/@fr\/115257382281794551","error":""},"_links":{"self":[{"href":"https:\/\/www.europesays.com\/fr\/wp-json\/wp\/v2\/posts\/413549","targetHints":{"allow":["GET"]}}],"collection":[{"href":"https:\/\/www.europesays.com\/fr\/wp-json\/wp\/v2\/posts"}],"about":[{"href":"https:\/\/www.europesays.com\/fr\/wp-json\/wp\/v2\/types\/post"}],"author":[{"embeddable":true,"href":"https:\/\/www.europesays.com\/fr\/wp-json\/wp\/v2\/users\/2"}],"replies":[{"embeddable":true,"href":"https:\/\/www.europesays.com\/fr\/wp-json\/wp\/v2\/comments?post=413549"}],"version-history":[{"count":0,"href":"https:\/\/www.europesays.com\/fr\/wp-json\/wp\/v2\/posts\/413549\/revisions"}],"wp:featuredmedia":[{"embeddable":true,"href":"https:\/\/www.europesays.com\/fr\/wp-json\/wp\/v2\/media\/413550"}],"wp:attachment":[{"href":"https:\/\/www.europesays.com\/fr\/wp-json\/wp\/v2\/media?parent=413549"}],"wp:term":[{"taxonomy":"category","embeddable":true,"href":"https:\/\/www.europesays.com\/fr\/wp-json\/wp\/v2\/categories?post=413549"},{"taxonomy":"post_tag","embeddable":true,"href":"https:\/\/www.europesays.com\/fr\/wp-json\/wp\/v2\/tags?post=413549"}],"curies":[{"name":"wp","href":"https:\/\/api.w.org\/{rel}","templated":true}]}}