{"id":413565,"date":"2025-09-24T04:38:10","date_gmt":"2025-09-24T04:38:10","guid":{"rendered":"https:\/\/www.europesays.com\/fr\/413565\/"},"modified":"2025-09-24T04:38:10","modified_gmt":"2025-09-24T04:38:10","slug":"quelle-recrue-riolo-annonce-un-joueur-hors-norme-au-psg","status":"publish","type":"post","link":"https:\/\/www.europesays.com\/fr\/413565\/","title":{"rendered":"\u00abQuelle recrue !\u00bb : Riolo annonce un joueur hors norme au PSG !"},"content":{"rendered":"<p>                    Arthur Montagne<br \/>\n                        &#8211;<\/p>\n<p>Journaliste<\/p>\n<p>Affam\u00e9 de sport, il a grandi au son des moteurs de Formule 1 et des exploits de Ronaldinho. Aujourd\u2019hui, diplom\u00e9 d&rsquo;un Master de journalisme de sport, il ne rate plus un Grand Prix de F1 ni un match du PSG, ses deux passions et sp\u00e9cialit\u00e9s<\/p>\n<p class=\"heading\">Le PSG a r\u00e9ussi l&rsquo;exploit de placer deux joueurs sur le podium du Ballon d&rsquo;Or. En plus d&rsquo;Ousmane Demb\u00e9l\u00e9, vainqueur, Vitinha a \u00e9galement termin\u00e9 troisi\u00e8me. Une juste r\u00e9compense pour un joueur qualifi\u00e9 d&rsquo;hors norme par Daniel Riolo, totalement fan du milieu de terrain portugais.<\/p>\n<p>Troisi\u00e8me au classement du <strong>Ballon d&rsquo;Or<\/strong> derri\u00e8re <strong>Ousmane Demb\u00e9l\u00e9<\/strong> et <strong>Lamine Yamal<\/strong>, <strong>Vitinha <\/strong>se voit r\u00e9compens\u00e9 de sa saison exceptionnelle au <strong>PSG<\/strong>. Et pour <strong>Daniel Riolo<\/strong>, c&rsquo;est totalement m\u00e9rit\u00e9. Le journaliste de RMC estime que le <strong>PSG <\/strong>a r\u00e9alis\u00e9 un \u00e9norme coup en recrutant le milieu de terrain portugais en 2022 pour 40M\u20ac.<\/p>\n<p>                                            Riolo s&rsquo;enflamme pour Vitinha<\/p>\n<p>\u00ab Vitinha est un joueur absolument hors norme. Il va certainement \u00eatre dans le Top 3 du Ballon d\u2019Or et c\u2019est largement m\u00e9rit\u00e9. Je me souviens quand il est arriv\u00e9, l\u2019ensemble des observateurs doutaient, mais quelle recrue ! Quelle recrue Vitinha, et Neves on n\u2019en parle m\u00eame pas, mais Vitinha, c\u2019est un joueur absolument extraordinaire \u00bb, estime-t-il au micro de l&rsquo;After Foot sur RMC.<\/p>\n<p>                                            \u00abVitinha est un joueur absolument hors norme\u00bb<\/p>\n<p>Quelques minutes plus tard, le verdict tombe et <strong>Vitinha <\/strong>termine bien troisi\u00e8me du Ballon d&rsquo;Or. Totalement m\u00e9rit\u00e9 aux yeux de <strong>Daniel Riolo<\/strong> qui se permet une petite pique contre <strong>Marco Verratti<\/strong> : \u00ab Troisi\u00e8me du Ballon d\u2019Or. Le milieu de terrain que la plupart des Qatarix ont pleur\u00e9 n\u2019a jamais \u00e9t\u00e9 aussi bien plac\u00e9 au Ballon d\u2019Or \u00bb. <\/p>\n","protected":false},"excerpt":{"rendered":"Arthur Montagne &#8211; Journaliste Affam\u00e9 de sport, il a grandi au son des moteurs de Formule 1 et&hellip;\n","protected":false},"author":2,"featured_media":413566,"comment_status":"","ping_status":"","sticky":false,"template":"","format":"standard","meta":{"footnotes":""},"categories":[1412],"tags":[1451,1452,1453,1454,1455,1011,27,60],"class_list":{"0":"post-413565","1":"post","2":"type-post","3":"status-publish","4":"format-standard","5":"has-post-thumbnail","7":"category-f1","8":"tag-f1","9":"tag-formula-1","10":"tag-formula1","11":"tag-formule-1","12":"tag-formule1","13":"tag-fr","14":"tag-france","15":"tag-sports"},"share_on_mastodon":{"url":"https:\/\/pubeurope.com\/@fr\/115257429439961272","error":""},"_links":{"self":[{"href":"https:\/\/www.europesays.com\/fr\/wp-json\/wp\/v2\/posts\/413565","targetHints":{"allow":["GET"]}}],"collection":[{"href":"https:\/\/www.europesays.com\/fr\/wp-json\/wp\/v2\/posts"}],"about":[{"href":"https:\/\/www.europesays.com\/fr\/wp-json\/wp\/v2\/types\/post"}],"author":[{"embeddable":true,"href":"https:\/\/www.europesays.com\/fr\/wp-json\/wp\/v2\/users\/2"}],"replies":[{"embeddable":true,"href":"https:\/\/www.europesays.com\/fr\/wp-json\/wp\/v2\/comments?post=413565"}],"version-history":[{"count":0,"href":"https:\/\/www.europesays.com\/fr\/wp-json\/wp\/v2\/posts\/413565\/revisions"}],"wp:featuredmedia":[{"embeddable":true,"href":"https:\/\/www.europesays.com\/fr\/wp-json\/wp\/v2\/media\/413566"}],"wp:attachment":[{"href":"https:\/\/www.europesays.com\/fr\/wp-json\/wp\/v2\/media?parent=413565"}],"wp:term":[{"taxonomy":"category","embeddable":true,"href":"https:\/\/www.europesays.com\/fr\/wp-json\/wp\/v2\/categories?post=413565"},{"taxonomy":"post_tag","embeddable":true,"href":"https:\/\/www.europesays.com\/fr\/wp-json\/wp\/v2\/tags?post=413565"}],"curies":[{"name":"wp","href":"https:\/\/api.w.org\/{rel}","templated":true}]}}