{"id":413711,"date":"2025-09-24T06:08:11","date_gmt":"2025-09-24T06:08:11","guid":{"rendered":"https:\/\/www.europesays.com\/fr\/413711\/"},"modified":"2025-09-24T06:08:11","modified_gmt":"2025-09-24T06:08:11","slug":"lhopital-le-corbusier-continue-dinvestir","status":"publish","type":"post","link":"https:\/\/www.europesays.com\/fr\/413711\/","title":{"rendered":"l\u2019h\u00f4pital Le Corbusier continue d\u2019investir"},"content":{"rendered":"<p>Elle \u00e9tait attendue depuis de nombreuses ann\u00e9es \u00e0 l\u2019h\u00f4pital Le Corbusier. Install\u00e9e en avril dernier, l\u2019IRM est dor\u00e9navant compl\u00e8tement op\u00e9rationnelle. \u00ab\u00a0Encore un peu en rodage\u00a0\u00bb a reconnu le docteur Ali Boubeker lundi \u00e0 l\u2019heure de l\u2019inauguration du p\u00f4le flambant neuf d\u2019imagerie m\u00e9dicale qui compte \u00e9galement un scanner.<\/p>\n<p>Entre trente et quarante personnes sont re\u00e7ues chaque jour\u2026 \u00ab\u00a0Pour le moment, nous recevons en moyenne trois patients par heure, en fonction de l\u2019examen. Sinon, ce sera plut\u00f4t quatre en fonctionnement normal\u00a0\u00bb.<\/p>\n<p>De nouvelles consultations au B0<\/p>\n<p>La visite inaugurale a entra\u00een\u00e9 la d\u00e9l\u00e9gation compos\u00e9e d\u2019\u00e9lus, d\u2019officiels, de personnels hospitaliers \u00e0 travers les services cr\u00e9\u00e9s ou r\u00e9habilit\u00e9s ces deux derni\u00e8res ann\u00e9es.<\/p>\n<p>Apr\u00e8s le p\u00f4le d\u2019imagerie, direction le b\u00e2timent AB, sur l\u2019arri\u00e8re de l\u2019h\u00f4pital. Au&#8230;<\/p>\n","protected":false},"excerpt":{"rendered":"Elle \u00e9tait attendue depuis de nombreuses ann\u00e9es \u00e0 l\u2019h\u00f4pital Le Corbusier. Install\u00e9e en avril dernier, l\u2019IRM est dor\u00e9navant&hellip;\n","protected":false},"author":2,"featured_media":413712,"comment_status":"","ping_status":"","sticky":false,"template":"","format":"standard","meta":{"footnotes":""},"categories":[9653],"tags":[1111,11,2430,7539,1777,674,10282,10283,1011,27,12,25,4001,71],"class_list":{"0":"post-413711","1":"post","2":"type-post","3":"status-publish","4":"format-standard","5":"has-post-thumbnail","7":"category-saint-etienne","8":"tag-actu","9":"tag-actualites","10":"tag-auvergne-rhone-alpes","11":"tag-edition-loire-sud","12":"tag-eu","13":"tag-europe","14":"tag-firminy","15":"tag-firminy-ville","16":"tag-fr","17":"tag-france","18":"tag-news","19":"tag-republique-francaise","20":"tag-saint-etienne","21":"tag-sante"},"share_on_mastodon":{"url":"https:\/\/pubeurope.com\/@fr\/115257783305273835","error":""},"_links":{"self":[{"href":"https:\/\/www.europesays.com\/fr\/wp-json\/wp\/v2\/posts\/413711","targetHints":{"allow":["GET"]}}],"collection":[{"href":"https:\/\/www.europesays.com\/fr\/wp-json\/wp\/v2\/posts"}],"about":[{"href":"https:\/\/www.europesays.com\/fr\/wp-json\/wp\/v2\/types\/post"}],"author":[{"embeddable":true,"href":"https:\/\/www.europesays.com\/fr\/wp-json\/wp\/v2\/users\/2"}],"replies":[{"embeddable":true,"href":"https:\/\/www.europesays.com\/fr\/wp-json\/wp\/v2\/comments?post=413711"}],"version-history":[{"count":0,"href":"https:\/\/www.europesays.com\/fr\/wp-json\/wp\/v2\/posts\/413711\/revisions"}],"wp:featuredmedia":[{"embeddable":true,"href":"https:\/\/www.europesays.com\/fr\/wp-json\/wp\/v2\/media\/413712"}],"wp:attachment":[{"href":"https:\/\/www.europesays.com\/fr\/wp-json\/wp\/v2\/media?parent=413711"}],"wp:term":[{"taxonomy":"category","embeddable":true,"href":"https:\/\/www.europesays.com\/fr\/wp-json\/wp\/v2\/categories?post=413711"},{"taxonomy":"post_tag","embeddable":true,"href":"https:\/\/www.europesays.com\/fr\/wp-json\/wp\/v2\/tags?post=413711"}],"curies":[{"name":"wp","href":"https:\/\/api.w.org\/{rel}","templated":true}]}}