{"id":413726,"date":"2025-09-24T06:16:10","date_gmt":"2025-09-24T06:16:10","guid":{"rendered":"https:\/\/www.europesays.com\/fr\/413726\/"},"modified":"2025-09-24T06:16:10","modified_gmt":"2025-09-24T06:16:10","slug":"trois-individus-lynchent-un-homme-seul-et-le-laissent-pour-mort-a-rouen","status":"publish","type":"post","link":"https:\/\/www.europesays.com\/fr\/413726\/","title":{"rendered":"trois individus lynchent un homme seul et le laissent pour mort \u00e0 Rouen"},"content":{"rendered":"<p>            Par<br \/>\n        <strong><br \/>\n            <a href=\"https:\/\/actu.fr\/auteur\/fmass\" title=\"Consulter tous les articles de Fabien Massin\" rel=\"nofollow noopener\" target=\"_blank\">Fabien Massin<\/a><br \/>\n        <\/strong><\/p>\n<p>        Publi\u00e9 le<\/p>\n<p>            24 sept. 2025 \u00e0 8h04        <\/p>\n<p>Un v\u00e9ritable acharnement qui<strong> aurait pu virer \u00e0 la trag\u00e9die<\/strong>, si ses auteurs n\u2019avaient pas \u00e9t\u00e9 arr\u00eat\u00e9s dans leur d\u00e9cha\u00eenement de violence. Cette sc\u00e8ne s\u2019est d\u00e9roul\u00e9e dans la rue de Buffon, \u00e0 <a href=\"https:\/\/actu.fr\/normandie\/rouen_76540\" rel=\"nofollow noopener\" target=\"_blank\">Rouen (Seine-Maritime)<\/a> \u00e0 la fin du mois d\u2019ao\u00fbt\u00a02025, au petit matin, dans le quartier Pasteur. Plusieurs hommes en frappent un autre \u00e0 terre, <a href=\"https:\/\/actu.fr\/normandie\/rouen_76540\/violente-agression-en-plein-centre-de-rouen-ils-l-ont-tabasse-pendant-un-quart-d-heure_63074668.html\" rel=\"nofollow noopener\" target=\"_blank\">le rouant de coups pendant plusieurs minutes<\/a> et le laissant inconscient et ensanglant\u00e9. Pour ces faits, trois hommes \u00e9taient jug\u00e9s par le tribunal de Rouen lundi 22\u00a0septembre 2025.<\/p>\n<p>Un passage \u00e0 tabac interminable<\/p>\n<p class=\" wall-content\">\u00c0 l\u2019origine de l\u2019agression, une premi\u00e8re altercation entre deux groupes sortant d\u2019une bo\u00eete de nuit de la ville, deux \u00ab\u2009camps\u2009\u00bb, selon le mot d\u2019un protagoniste, qui d\u00e9g\u00e9n\u00e8re en bagarre. La police intervient, tout le monde se disperse. Mais rapidement, des membres des deux \u00ab\u2009camps\u2009\u00bb se croisent \u00e0 nouveau, <strong>et le conflit repart<\/strong>.<\/p>\n<p class=\" wall-content\">Les circonstances de cette reprise de la violence demeurent floues, mais une chose est certaine dans le d\u00e9roulement des faits, un homme, S\u00e9bastien*, 23\u00a0ans,<strong> se retrouve seul \u00e0 terre, au milieu d\u2019un groupe d\u2019individus qui le passent \u00e0 tabac<\/strong>. Les images recueillies par les cam\u00e9ras de vid\u00e9osurveillance montrent que ce passage \u00e0 tabac a dur\u00e9 trois minutes sans interruption.<\/p>\n<p class=\" wall-content\">Outre les coups de pied et de poing, <strong>une ceinture et une bombe lacrymog\u00e8ne sont utilis\u00e9es<\/strong> par les agresseurs. S\u00e9bastien, dans un r\u00e9flexe de survie, se met en PLS (position lat\u00e9rale de s\u00e9curit\u00e9). Un riverain alerte la police qui met fin au lynchage. Le groupe prend la fuite, mais trois hommes sont tout de m\u00eame interpell\u00e9s \u2014 ils sont alors alcoolis\u00e9s et \u00e9nerv\u00e9s \u2014 et plac\u00e9s en garde \u00e0 vue.<\/p>\n<p class=\" wall-content\">S\u00e9bastien s\u2019en sort avec une ITT (incapacit\u00e9 temporaire totale) de 15\u00a0jours, souffrant de fractures \u00e0 une vert\u00e8bre et \u00e0 un doigt, de l\u00e9sions sur l\u2019ensemble du corps et avec un choc psychologique important.<\/p>\n<p>\u00ab\u2009\u00c7a aurait pu \u00eatre plus grave\u2009\u00bb<\/p>\n<p class=\" wall-content\">Devant le tribunal, les trois accus\u00e9s \u2014 tous trentenaires \u2014 <strong>reconnaissent les faits, mais peinent \u00e0 en expliquer les motivations<\/strong>. \u00ab\u2009L\u2019autre camp est venu vers nous et nous nous sommes d\u00e9fendus, tente de justifier<strong> Laurent<\/strong>. Nous \u00e9tions alcoolis\u00e9s, je regrette ce qui s\u2019est pass\u00e9, on n\u2019aurait pas d\u00fb en arriver l\u00e0, je m\u2019excuse aupr\u00e8s de la victime. Aujourd\u2019hui, je me rends compte, \u00e7a aurait pu \u00eatre plus grave.\u2009\u00bb<\/p>\n<p class=\" wall-content\"><strong>Idriss<\/strong>, dans le box des accus\u00e9s puisqu\u2019\u00e9tant sous le coup d\u2019autres condamnations pour des faits de violence, reconna\u00eet \u00e9galement que le drame a \u00e9t\u00e9 \u00e9vit\u00e9 de justesse. \u00ab\u2009J\u2019ai pris conscience des faits, <strong>heureusement qu\u2019il est en vie, \u00e7a aurait pu aller plus loin<\/strong>.\u2009\u00bb<\/p>\n<p>Votre r\u00e9gion, votre actu !<\/p>\n<p>Recevez chaque jour les infos qui comptent pour vous.<\/p>\n<p>\t<a href=\"https:\/\/actu.fr\/newsletter\" class=\"ac-btn ac-btn--corner ac-btn--medium ac-btn--blue800\" rel=\"nofollow noopener\" target=\"_blank\">S&rsquo;incrire<\/a><\/p>\n<p class=\" wall-content\"><strong>Bruno<\/strong> est plus laconique, d\u00e9clarant simplement\u2009: \u00ab\u2009Je reconnais les faits, c\u2019est arriv\u00e9, je ne l\u2019ai pas d\u00e9cid\u00e9. J\u2019ai mis des coups, mais je ne voulais pas lui faire mal.\u2009\u00bb S\u2019ils reconnaissent les coups, tous les trois sont cependant plus flous sur les circonstances exactes du passage \u00e0 tabac, <strong>faisant mine de ne pas s\u2019\u00eatre rendu compte que la victime \u00e9tait seule \u00e0 terre<\/strong>. \u00ab\u2009Il y avait du gaz lacrymog\u00e8ne, on ne voyait plus tr\u00e8s bien\u2009\u00bb, estime l\u2019un deux.<\/p>\n<p>De la prison ferme pour les trois accus\u00e9s<\/p>\n<p class=\" wall-content\">Dans son r\u00e9quisitoire, la substitut du procureur souligne\u2009: \u00ab\u2009On est sur de l\u2019acharnement, les faits tr\u00e8s impressionnants, quoiqu\u2019il se soit pass\u00e9 avant.<strong> On n\u2019est pas sur une sc\u00e8ne de violences r\u00e9ciproques<\/strong>. Comment ne pas s\u2019\u00eatre rendu compte que la victime \u00e9tait seule \u00e0 terre\u2009? Cela n\u2019est pas possible On le voit tr\u00e8s bien sur les images.\u2009\u00bb<\/p>\n<p class=\" wall-content\">Au final, le tribunal <strong>a condamn\u00e9 les trois accus\u00e9s \u00e0 de la prison ferme<\/strong>, \u00e0 des degr\u00e9s diff\u00e9rents selon leur situation judiciaire ant\u00e9rieure\u2009: Idriss \u00e0 12\u00a0mois avec maintien en d\u00e9tention\u2009; Laurent \u00e0 12\u00a0mois am\u00e9nageables (via un bracelet \u00e9lectronique)\u2009; Fran\u00e7ois \u00e0 8\u00a0mois \u00e9galement am\u00e9nageables.<\/p>\n<p class=\" wall-content\">Ils ont 10\u00a0jours pour faire appel de ces d\u00e9cisions s\u2019ils le souhaitent.<\/p>\n<p class=\" wall-content\">*Tous les pr\u00e9noms ont \u00e9t\u00e9 modifi\u00e9s<\/p>\n<p>Suivez l\u2019actualit\u00e9 de Rouen sur notre <a href=\"https:\/\/www.whatsapp.com\/channel\/0029VaKfnf99hXF2ddApFB1D\" rel=\"nofollow noopener\" target=\"_blank\">cha\u00eene WhatsApp<\/a> et sur notre <a href=\"https:\/\/www.tiktok.com\/@76actu.fr?lang=fr\" rel=\"nofollow noopener\" target=\"_blank\">compte TikTok<\/a><\/p>\n<p class=\" wall-content\">Personnalisez votre actualit\u00e9 en ajoutant vos villes et m\u00e9dias en favori avec <a href=\"https:\/\/moncompte.actu.fr\" title=\"D\u00e9couvez Mon Actu\" rel=\"nofollow noopener\" data-trk=\"{&quot;cta&quot;:{&quot;action&quot;:&quot;https:\\\/\\\/moncompte.actu.fr&quot;,&quot;category&quot;:&quot;mon compte&quot;,&quot;from&quot;:&quot;article footer&quot;,&quot;name&quot;:&quot;Mon actu&quot;,&quot;type&quot;:&quot;cta&quot;}}\" target=\"_blank\">Mon Actu<\/a>.<\/p>\n<p>                    <script async src=\"\/\/www.tiktok.com\/embed.js\"><\/script><\/p>\n","protected":false},"excerpt":{"rendered":"Par Fabien Massin Publi\u00e9 le 24 sept. 2025 \u00e0 8h04 Un v\u00e9ritable acharnement qui aurait pu virer \u00e0&hellip;\n","protected":false},"author":2,"featured_media":413727,"comment_status":"","ping_status":"","sticky":false,"template":"","format":"standard","meta":{"footnotes":""},"categories":[9587],"tags":[1111,11,1777,674,118,1011,27,12,5161,25,9590,13682],"class_list":{"0":"post-413726","1":"post","2":"type-post","3":"status-publish","4":"format-standard","5":"has-post-thumbnail","7":"category-rouen","8":"tag-actu","9":"tag-actualites","10":"tag-eu","11":"tag-europe","12":"tag-faits-divers","13":"tag-fr","14":"tag-france","15":"tag-news","16":"tag-normandie","17":"tag-republique-francaise","18":"tag-rouen","19":"tag-tribunal-de-rouen"},"share_on_mastodon":{"url":"https:\/\/pubeurope.com\/@fr\/115257814891626238","error":""},"_links":{"self":[{"href":"https:\/\/www.europesays.com\/fr\/wp-json\/wp\/v2\/posts\/413726","targetHints":{"allow":["GET"]}}],"collection":[{"href":"https:\/\/www.europesays.com\/fr\/wp-json\/wp\/v2\/posts"}],"about":[{"href":"https:\/\/www.europesays.com\/fr\/wp-json\/wp\/v2\/types\/post"}],"author":[{"embeddable":true,"href":"https:\/\/www.europesays.com\/fr\/wp-json\/wp\/v2\/users\/2"}],"replies":[{"embeddable":true,"href":"https:\/\/www.europesays.com\/fr\/wp-json\/wp\/v2\/comments?post=413726"}],"version-history":[{"count":0,"href":"https:\/\/www.europesays.com\/fr\/wp-json\/wp\/v2\/posts\/413726\/revisions"}],"wp:featuredmedia":[{"embeddable":true,"href":"https:\/\/www.europesays.com\/fr\/wp-json\/wp\/v2\/media\/413727"}],"wp:attachment":[{"href":"https:\/\/www.europesays.com\/fr\/wp-json\/wp\/v2\/media?parent=413726"}],"wp:term":[{"taxonomy":"category","embeddable":true,"href":"https:\/\/www.europesays.com\/fr\/wp-json\/wp\/v2\/categories?post=413726"},{"taxonomy":"post_tag","embeddable":true,"href":"https:\/\/www.europesays.com\/fr\/wp-json\/wp\/v2\/tags?post=413726"}],"curies":[{"name":"wp","href":"https:\/\/api.w.org\/{rel}","templated":true}]}}