{"id":413730,"date":"2025-09-24T06:19:25","date_gmt":"2025-09-24T06:19:25","guid":{"rendered":"https:\/\/www.europesays.com\/fr\/413730\/"},"modified":"2025-09-24T06:19:25","modified_gmt":"2025-09-24T06:19:25","slug":"grenoble-des-manifestants-de-bloquons-tout-occupent-ce-batiment-municipal-illegalement","status":"publish","type":"post","link":"https:\/\/www.europesays.com\/fr\/413730\/","title":{"rendered":"Grenoble. Des manifestants de \u00ab\u00a0Bloquons tout\u00a0\u00bb occupent ce b\u00e2timent municipal ill\u00e9galement"},"content":{"rendered":"<p>            Par<br \/>\n        <strong><br \/>\n            <a href=\"https:\/\/actu.fr\/auteur\/lisa-rodrigues\" title=\"Consulter tous les articles de Lisa Rodrigues\" target=\"_blank\" rel=\"noopener\">Lisa Rodrigues<\/a><br \/>\n        <\/strong><\/p>\n<p>        Publi\u00e9 le<\/p>\n<p>            19 sept. 2025 \u00e0 10h10        <\/p>\n<p>C\u2019est l\u2019un des lieux culturels et associatifs embl\u00e9matiques de <a href=\"https:\/\/actu.fr\/grenoble\/\" target=\"_blank\" rel=\"noopener\">Grenoble<\/a>. La Bobine, <a href=\"https:\/\/actu.fr\/auvergne-rhone-alpes\/grenoble_38185\/grenoble-ce-lieu-emblematique-ferme-definitivement-ca-fait-peur-pour-l-avenir_62769559.html\" target=\"_blank\" rel=\"noopener\">ferm\u00e9e depuis plusieurs semaines<\/a> \u00e0 la suite de probl\u00e8mes financiers, <strong>est occup\u00e9e<\/strong> depuis jeudi 18 septembre apr\u00e8s-midi par les membres du mouvement \u00ab\u00a0Bloquons tout\u00a0\u00bb grenoblois.<\/p>\n<p>    <a href=\"https:\/\/www.google.com\/maps\/embed?pb=!1m14!1m8!1m3!1d2812.176202398574!2d5.7342348!3d45.1835293!3m2!1i1024!2i768!4f13.1!3m3!1m2!1s0x478af4edee0ae8f9%3A0x983411f439a54c5a!2sLa%20Bobine!5e0!3m2!1sfr!2sfr!4v1758268453067!5m2!1sfr!2sfr\" title=\"Ouvrie le lien\" target=\"_blank\" rel=\"noopener\">Cliquez ici pour visualiser le contenu<\/a><\/p>\n<p class=\" wall-content\">Objectif affich\u00e9 : transformer le site inoccup\u00e9 en un \u00ab\u00a0lieu d\u2019organisation du mouvement social\u00a0\u00bb. Une \u00ab\u00a0soir\u00e9e d\u2019ouverture\u00a0\u00bb a m\u00eame \u00e9t\u00e9 organis\u00e9e, avec concerts et restauration sur place. Une partie des occupants a \u00e9galement \u00e9t\u00e9 invit\u00e9e \u00e0 dormir sur place.<\/p>\n<p>Une action ill\u00e9gale<\/p>\n<p class=\" wall-content\">Le b\u00e2timent est, certes, inoccup\u00e9, mais il appartient \u00e0 la Ville de Grenoble qui a r\u00e9agi \u00e0 cette action par voie de communiqu\u00e9.<\/p>\n<p class=\" wall-content\">Elle rappelle que cette action \u00ab\u00a0ne respecte pas le cadre l\u00e9gal\u00a0\u00bb et demande \u00e0 ce que l\u2019occupation \u00ab\u00a0ne porte pas atteinte \u00e0 l\u2019int\u00e9grit\u00e9 des locaux et du mat\u00e9riel, destin\u00e9s \u00e0 un futur usage culturel et commercial\u00a0\u00bb. <strong>Un premier contact a \u00e9t\u00e9 \u00e9tabli<\/strong> avec les occupants de la Bobine pour leur rappeler l\u2019ill\u00e9galit\u00e9 de l\u2019occupation et les risques encourus.<\/p>\n<blockquote class=\"ac-article-quote wall-content\">\n<p>Dans le cadre de ce mouvement social in\u00e9dit qu\u2019elle soutient, la municipalit\u00e9 souhaite privil\u00e9gier le dialogue pour concilier libert\u00e9 de manifester mais aussi s\u00e9curisation d\u2019un espace municipal vou\u00e9 \u00e0 de nouveaux usages culturels dans un avenir proche.<\/p>\n<p>    <strong>Ville de Grenoble<\/strong>\n            <\/p><\/blockquote>\n<p class=\" wall-content\">Car, toujours selon la mairie, \u00ab\u00a0dans les prochains jours et semaines, plusieurs \u00e9tapes importantes sont pr\u00e9vues pour <strong>trouver un repreneur<\/strong>\u00ab\u00a0.<\/p>\n<p>Votre r\u00e9gion, votre actu !<\/p>\n<p>Recevez chaque jour les infos qui comptent pour vous.<\/p>\n<p>\t<a href=\"https:\/\/actu.fr\/newsletter\" class=\"ac-btn ac-btn--corner ac-btn--medium ac-btn--blue800\" target=\"_blank\" rel=\"noopener\">S&rsquo;incrire<\/a><br \/>\nDes assembl\u00e9es g\u00e9n\u00e9rales et ateliers programm\u00e9s<\/p>\n<p class=\" wall-content\">\u00c0 en croire les publications sur les <a href=\"https:\/\/www.instagram.com\/filo_che\/\" target=\"_blank\" rel=\"noopener\">r\u00e9seaux sociaux<\/a>, le mouvement \u00ab\u00a0Bloquons tout\u00a0\u00bb compte bien s\u2019installer dans la dur\u00e9e.<\/p>\n<p class=\" wall-content\">Au lendemain de la journ\u00e9e de mobilisation du 18 septembre, des ateliers culturels et temps de rencontre ont d\u00e9j\u00e0 \u00e9t\u00e9 annonc\u00e9s \u00e0 la Bobine. Le lieu devrait aussi accueillir les prochaines assembl\u00e9es g\u00e9n\u00e9rales du mouvement, auparavant organis\u00e9es \u00e0 l\u2019Anneau de vitesse.\u00a0<\/p>\n<p class=\" wall-content\">Personnalisez votre actualit\u00e9 en ajoutant vos villes et m\u00e9dias en favori avec <a href=\"https:\/\/moncompte.actu.fr\" title=\"D\u00e9couvez Mon Actu\" rel=\"nofollow noopener\" data-trk=\"{&quot;cta&quot;:{&quot;action&quot;:&quot;https:\\\/\\\/moncompte.actu.fr&quot;,&quot;category&quot;:&quot;mon compte&quot;,&quot;from&quot;:&quot;article footer&quot;,&quot;name&quot;:&quot;Mon actu&quot;,&quot;type&quot;:&quot;cta&quot;}}\" target=\"_blank\">Mon Actu<\/a>.<\/p>\n<p>                    <script async src=\"\/\/www.instagram.com\/embed.js\"><\/script><\/p>\n","protected":false},"excerpt":{"rendered":"Par Lisa Rodrigues Publi\u00e9 le 19 sept. 2025 \u00e0 10h10 C\u2019est l\u2019un des lieux culturels et associatifs embl\u00e9matiques&hellip;\n","protected":false},"author":2,"featured_media":413731,"comment_status":"","ping_status":"","sticky":false,"template":"","format":"standard","meta":{"footnotes":""},"categories":[9566],"tags":[1111,11,2430,47212,1777,674,1011,27,2731,52713,12,25,104],"class_list":{"0":"post-413730","1":"post","2":"type-post","3":"status-publish","4":"format-standard","5":"has-post-thumbnail","7":"category-grenoble","8":"tag-actu","9":"tag-actualites","10":"tag-auvergne-rhone-alpes","11":"tag-bloquons-tout","12":"tag-eu","13":"tag-europe","14":"tag-fr","15":"tag-france","16":"tag-grenoble","17":"tag-greve-du-18-septembre","18":"tag-news","19":"tag-republique-francaise","20":"tag-societe"},"share_on_mastodon":{"url":"https:\/\/pubeurope.com\/@fr\/115257826637577620","error":""},"_links":{"self":[{"href":"https:\/\/www.europesays.com\/fr\/wp-json\/wp\/v2\/posts\/413730","targetHints":{"allow":["GET"]}}],"collection":[{"href":"https:\/\/www.europesays.com\/fr\/wp-json\/wp\/v2\/posts"}],"about":[{"href":"https:\/\/www.europesays.com\/fr\/wp-json\/wp\/v2\/types\/post"}],"author":[{"embeddable":true,"href":"https:\/\/www.europesays.com\/fr\/wp-json\/wp\/v2\/users\/2"}],"replies":[{"embeddable":true,"href":"https:\/\/www.europesays.com\/fr\/wp-json\/wp\/v2\/comments?post=413730"}],"version-history":[{"count":0,"href":"https:\/\/www.europesays.com\/fr\/wp-json\/wp\/v2\/posts\/413730\/revisions"}],"wp:featuredmedia":[{"embeddable":true,"href":"https:\/\/www.europesays.com\/fr\/wp-json\/wp\/v2\/media\/413731"}],"wp:attachment":[{"href":"https:\/\/www.europesays.com\/fr\/wp-json\/wp\/v2\/media?parent=413730"}],"wp:term":[{"taxonomy":"category","embeddable":true,"href":"https:\/\/www.europesays.com\/fr\/wp-json\/wp\/v2\/categories?post=413730"},{"taxonomy":"post_tag","embeddable":true,"href":"https:\/\/www.europesays.com\/fr\/wp-json\/wp\/v2\/tags?post=413730"}],"curies":[{"name":"wp","href":"https:\/\/api.w.org\/{rel}","templated":true}]}}