{"id":413732,"date":"2025-09-24T06:20:11","date_gmt":"2025-09-24T06:20:11","guid":{"rendered":"https:\/\/www.europesays.com\/fr\/413732\/"},"modified":"2025-09-24T06:20:11","modified_gmt":"2025-09-24T06:20:11","slug":"le-drapeau-palestinien-arrache-la-mairie-porte-plainte","status":"publish","type":"post","link":"https:\/\/www.europesays.com\/fr\/413732\/","title":{"rendered":"le drapeau palestinien arrach\u00e9, la mairie porte plainte"},"content":{"rendered":"<p itemprop=\"description\"><strong>C&rsquo;est une affaire \u00e9tonnante.<\/strong><\/p>\n<p>Alors que le drapeau palestinien install\u00e9 sur le fronton de la mairie de Grenoble vit peut-\u00eatre ses derni\u00e8res heures, Eric Piolle a port\u00e9 plainte parce qu&rsquo;un individu l&rsquo;a arrach\u00e9. Un futur cas d&rsquo;\u00e9tude pour les \u00e9tudiants en droit ?<\/p>\n<p>Le drapeau avait \u00e9t\u00e9 install\u00e9 mardi matin par le maire \u00e9cologiste grenoblois, contre les consignes instaur\u00e9es par la pr\u00e9fecture de l&rsquo;Is\u00e8re, pour c\u00e9l\u00e9brer la reconnaissance de l&rsquo;Etat de Palestine par la France. Et quelques heures plus tard, il \u00e9tait arrach\u00e9 par un homme accompagn\u00e9 d&rsquo;une femme.<\/p>\n<p>La sc\u00e8ne s&rsquo;est d\u00e9roul\u00e9e vers 16h30. Et alors que la police municipale intervenait pour les arr\u00eater, l&rsquo;homme aurait \u00ab\u00a0insult\u00e9 et menac\u00e9\u00a0\u00bb une fonctionnaire selon la Ville de Grenoble.<\/p>\n<blockquote class=\"twitter-tweet\"><p>&#13;<\/p>\n<p dir=\"ltr\" lang=\"fr\">Honte \u00e0 l\u2019individu qui a arrach\u00e9 le drapeau palestinien, pavois\u00e9 au lendemain de la reconnaissance par la France de l\u2019\u00c9tat de Palestine. Je remercie la police municipale de l\u2019avoir interpell\u00e9 ainsi que sa complice.<br \/>La Ville d\u00e9posera plainte. <a href=\"https:\/\/t.co\/cBRXgfOGib\">pic.twitter.com\/cBRXgfOGib<\/a><\/p>\n<p>&#13;<br \/>\n\u2014 \u00c9ric Piolle (@EricPiolle) <a href=\"https:\/\/twitter.com\/EricPiolle\/status\/1970508747190546634?ref_src=twsrc%5Etfw\" target=\"_blank\" rel=\"noopener\">September 23, 2025<\/a><\/p><\/blockquote>\n<p>Un nouveau drapeau palestinien a \u00e9t\u00e9 ensuite install\u00e9 de nouveau. Reste \u00e0 savoir s&rsquo;il sera de nouveau retir\u00e9, peut-\u00eatre par la mairie elle-m\u00eame si la justice administrative saisie par la pr\u00e9fecture le lui ordonne.<\/p>\n<p>\t\t\t\t\t\t\t\t\t\t\t\t\t\t\t\t\t\t\t<script async src=\"https:\/\/platform.twitter.com\/widgets.js\" charset=\"utf-8\"><\/script><\/p>\n","protected":false},"excerpt":{"rendered":"C&rsquo;est une affaire \u00e9tonnante. Alors que le drapeau palestinien install\u00e9 sur le fronton de la mairie de Grenoble&hellip;\n","protected":false},"author":2,"featured_media":413733,"comment_status":"","ping_status":"","sticky":false,"template":"","format":"standard","meta":{"footnotes":""},"categories":[9566],"tags":[1111,11,7733,8279,2430,7736,650,7734,2889,2263,1777,674,1011,27,2731,8280,6417,1114,108,4662,12,3725,1825,25,7737],"class_list":{"0":"post-413732","1":"post","2":"type-post","3":"status-publish","4":"format-standard","5":"has-post-thumbnail","7":"category-grenoble","8":"tag-actu","9":"tag-actualites","10":"tag-alpes","11":"tag-alpes1","12":"tag-auvergne-rhone-alpes","13":"tag-cds","14":"tag-cinema","15":"tag-ecoute","16":"tag-emission","17":"tag-equipe","18":"tag-eu","19":"tag-europe","20":"tag-fr","21":"tag-france","22":"tag-grenoble","23":"tag-haute","24":"tag-information","25":"tag-infos","26":"tag-isere","27":"tag-journal","28":"tag-news","29":"tag-podcast","30":"tag-radio","31":"tag-republique-francaise","32":"tag-winamp"},"share_on_mastodon":{"url":"https:\/\/pubeurope.com\/@fr\/115257830550526111","error":""},"_links":{"self":[{"href":"https:\/\/www.europesays.com\/fr\/wp-json\/wp\/v2\/posts\/413732","targetHints":{"allow":["GET"]}}],"collection":[{"href":"https:\/\/www.europesays.com\/fr\/wp-json\/wp\/v2\/posts"}],"about":[{"href":"https:\/\/www.europesays.com\/fr\/wp-json\/wp\/v2\/types\/post"}],"author":[{"embeddable":true,"href":"https:\/\/www.europesays.com\/fr\/wp-json\/wp\/v2\/users\/2"}],"replies":[{"embeddable":true,"href":"https:\/\/www.europesays.com\/fr\/wp-json\/wp\/v2\/comments?post=413732"}],"version-history":[{"count":0,"href":"https:\/\/www.europesays.com\/fr\/wp-json\/wp\/v2\/posts\/413732\/revisions"}],"wp:featuredmedia":[{"embeddable":true,"href":"https:\/\/www.europesays.com\/fr\/wp-json\/wp\/v2\/media\/413733"}],"wp:attachment":[{"href":"https:\/\/www.europesays.com\/fr\/wp-json\/wp\/v2\/media?parent=413732"}],"wp:term":[{"taxonomy":"category","embeddable":true,"href":"https:\/\/www.europesays.com\/fr\/wp-json\/wp\/v2\/categories?post=413732"},{"taxonomy":"post_tag","embeddable":true,"href":"https:\/\/www.europesays.com\/fr\/wp-json\/wp\/v2\/tags?post=413732"}],"curies":[{"name":"wp","href":"https:\/\/api.w.org\/{rel}","templated":true}]}}