{"id":413736,"date":"2025-09-24T06:22:17","date_gmt":"2025-09-24T06:22:17","guid":{"rendered":"https:\/\/www.europesays.com\/fr\/413736\/"},"modified":"2025-09-24T06:22:17","modified_gmt":"2025-09-24T06:22:17","slug":"vern-sur-seiche-handicap-mosaique-et-tesselles-sengage","status":"publish","type":"post","link":"https:\/\/www.europesays.com\/fr\/413736\/","title":{"rendered":"Vern-sur-Seiche. Handicap\u00a0: Mosa\u00efque et tesselles s\u2019engage"},"content":{"rendered":"<p>Organis\u00e9e par Rennes m\u00e9tropole, cette 4e \u00e9dition de la semaine du handicap se d\u00e9roulera du 27\u00a0septembre au 9\u00a0octobre. L\u2019association Mosa\u00efque et tesselles a r\u00e9pondu pr\u00e9sente pour la journ\u00e9e du samedi 4\u00a0octobre \u00e0 une manifestation rennaise en lien avec la mosa\u00efque et le handicap. C\u2019est un atelier gratuit, pour tous et sans r\u00e9servation, qui aura lieu de 10\u00a0h \u00e0 18\u00a0h, place de la Mairie, \u00e0 Rennes. L\u2019animatrice, Elisabeth De Abreu, annonce\u00a0: \u00a0Un seul mot d\u2019ordre est donn\u00e9\u00a0: s\u2019amuser.\u00a0<\/p>\n<p>Un b\u00e9n\u00e9vole recherch\u00e9 les vendredis apr\u00e8s-midi<\/p>\n<p>L\u2019association a pour objectif de promouvoir la mosa\u00efque au plus grand nombre et donner l\u2019acc\u00e8s \u00e0 cette technique. Quel que soit son handicap, moteur, psychique, mental, l\u2019acc\u00e8s \u00e0 l\u2019atelier est adapt\u00e9 \u00e0 tous. Plusieurs b\u00e9n\u00e9voles aident l\u2019animatrice, mosa\u00efste professionnelle, afin d\u2019accorder du temps \u00e0 tous les participants des ateliers. <strong>\u00ab\u00a0L\u2019atelier recherche d\u2019ailleurs un ou une b\u00e9n\u00e9vole pour deux heures, les vendredis apr\u00e8s-midi\u00a0\u00bb, <\/strong>pr\u00e9cise-t-elle.<\/p>\n<p>Les formats sont vari\u00e9s pour sensibiliser ou venir s\u2019informer sur le handicap. Entre Rennes et la mosa\u00efque, c\u2019est une grande histoire d\u2019amour avec le c\u00e9l\u00e8bre mosa\u00efste Odorico. C\u2019est donc naturellement que l\u2019animatrice a souhait\u00e9 participer. \u00a0Je propose de revivre la belle \u00e9poque d\u2019Odorico, en participant \u00e0 une fresque. L\u2019objectif est que chacun prenne du plaisir dans la cr\u00e9ation, sorte de son quotidien et cr\u00e9e du lien pour sortir de son isolement.\u00a0<\/p>\n<p><strong>Contact\u00a0: <\/strong>par mail, mosa\u00efquetesselles@aol.com ou t\u00e9l.\u00a006\u00a049\u00a095\u00a074\u00a074.<\/p>\n<p>\u00a0<\/p>\n","protected":false},"excerpt":{"rendered":"Organis\u00e9e par Rennes m\u00e9tropole, cette 4e \u00e9dition de la semaine du handicap se d\u00e9roulera du 27\u00a0septembre au 9\u00a0octobre.&hellip;\n","protected":false},"author":2,"featured_media":413737,"comment_status":"","ping_status":"","sticky":false,"template":"","format":"standard","meta":{"footnotes":""},"categories":[2821],"tags":[1111,11,829,12708,1777,674,1011,27,1943,28667,12,584,25,54431,9310],"class_list":{"0":"post-413736","1":"post","2":"type-post","3":"status-publish","4":"format-standard","5":"has-post-thumbnail","7":"category-rennes","8":"tag-actu","9":"tag-actualites","10":"tag-bretagne","11":"tag-engage","12":"tag-eu","13":"tag-europe","14":"tag-fr","15":"tag-france","16":"tag-handicap","17":"tag-mosaique","18":"tag-news","19":"tag-rennes","20":"tag-republique-francaise","21":"tag-tesselles","22":"tag-vern-sur-seiche"},"share_on_mastodon":{"url":"https:\/\/pubeurope.com\/@fr\/115257838437373769","error":""},"_links":{"self":[{"href":"https:\/\/www.europesays.com\/fr\/wp-json\/wp\/v2\/posts\/413736","targetHints":{"allow":["GET"]}}],"collection":[{"href":"https:\/\/www.europesays.com\/fr\/wp-json\/wp\/v2\/posts"}],"about":[{"href":"https:\/\/www.europesays.com\/fr\/wp-json\/wp\/v2\/types\/post"}],"author":[{"embeddable":true,"href":"https:\/\/www.europesays.com\/fr\/wp-json\/wp\/v2\/users\/2"}],"replies":[{"embeddable":true,"href":"https:\/\/www.europesays.com\/fr\/wp-json\/wp\/v2\/comments?post=413736"}],"version-history":[{"count":0,"href":"https:\/\/www.europesays.com\/fr\/wp-json\/wp\/v2\/posts\/413736\/revisions"}],"wp:featuredmedia":[{"embeddable":true,"href":"https:\/\/www.europesays.com\/fr\/wp-json\/wp\/v2\/media\/413737"}],"wp:attachment":[{"href":"https:\/\/www.europesays.com\/fr\/wp-json\/wp\/v2\/media?parent=413736"}],"wp:term":[{"taxonomy":"category","embeddable":true,"href":"https:\/\/www.europesays.com\/fr\/wp-json\/wp\/v2\/categories?post=413736"},{"taxonomy":"post_tag","embeddable":true,"href":"https:\/\/www.europesays.com\/fr\/wp-json\/wp\/v2\/tags?post=413736"}],"curies":[{"name":"wp","href":"https:\/\/api.w.org\/{rel}","templated":true}]}}