{"id":413738,"date":"2025-09-24T06:23:17","date_gmt":"2025-09-24T06:23:17","guid":{"rendered":"https:\/\/www.europesays.com\/fr\/413738\/"},"modified":"2025-09-24T06:23:17","modified_gmt":"2025-09-24T06:23:17","slug":"strasbourg-150-rendez-vous-pour-les-25-ans-des-journees-de-larchitecture-dans-le-rhin-superieur","status":"publish","type":"post","link":"https:\/\/www.europesays.com\/fr\/413738\/","title":{"rendered":"Strasbourg. 150 rendez-vous pour les 25 ans des Journ\u00e9es de l\u2019architecture dans le Rhin sup\u00e9rieur"},"content":{"rendered":"<p>\u00ab\u00a0Si les Journ\u00e9es de l\u2019architecture ont explor\u00e9 \u00e0 leurs d\u00e9buts les th\u00e8mes fondamentaux de ce qu\u2019est l\u2019architecture, les \u00e9ditions des derni\u00e8res ann\u00e9es se sont adapt\u00e9es aux changements impos\u00e9s par l\u2019id\u00e9e que le progr\u00e8s n\u2019est pas continu. En ce sens nous continuons \u00e0 nous engager dans cette r\u00e9flexion faite de r\u00e9silience, de r\u00e9paration, en r\u00e9sonance avec le vivant\u00a0\u00bb, explique Claude Denu, pr\u00e9sident de la Maison europ\u00e9enne de l\u2019architecture \u2013 Rhin sup\u00e9rieur, \u00e0 l\u2019aube de cette nouvelle \u00e9dition.<\/p>\n<p>Pour ce nouveau quart de si\u00e8cle \u00e0 venir, le festival d\u2019architecture s\u2019interrogera donc sur \u00ab\u00a0les urgences \u00e0 rep\u00e9rer dans ce territoire rh\u00e9nan, pour une architecture \u00e9conome et de qualit\u00e9\u00a0\u00bb. Mais aussi sur \u00ab\u00a0comment <a href=\"https:\/\/www.dna.fr\/culture-loisirs\/2024\/06\/13\/la-parole-aux-architectes-de-demain\" target=\"_blank\" rel=\"noopener\">la jeune g\u00e9n\u00e9ration<\/a> peut tirer parti des \u00e9volutions actuelles pour repenser l\u2019acte de b\u00e2tir et construire un environnement durable\u00a0\u00bb\u00a0? Enfin se pose \u00e9galement la question suivante: \u00ab\u00a0Comment construire et avec quels mat\u00e9riaux b\u00e2tir et fa\u00e7onner notre environnement\u00a0?\u00a0\u00bb Charge \u00e0 la jeune g\u00e9n\u00e9ration de trouver des r\u00e9ponses.<\/p>\n<p>  Concert, expositions et conf\u00e9rences<\/p>\n<p>\u00c0 l\u2019occasion de ces 25 ans, les Journ\u00e9es de l\u2019architecture entendent \u00ab\u00a0ouvrir grand les portes de l\u2019avenir\u00a0\u00bb. Avec notamment une programmation ambitieuse qui propose quelque 150 rendez-vous dans 40 villes du Rhin sup\u00e9rieur, qui inviteront \u00e0 explorer l\u2019architecture, le paysage et l\u2019urbanisme, en enrichissant la culture du b\u00e2ti, \u00e0 travers des balades, des expositions, des conf\u00e9rences, des d\u00e9bats et des performances.<\/p>\n<p>Cinq temps forts et une rencontre professionnelle viendront rythmer le festival. \u00c0 commencer par un concert d\u2019ouverture du Trio Architectes au Cheval-Blanc, \u00e0 Schiltigheim le mercredi 1er\u00a0octobre \u00e0 20\u00a0h\u00a030\u00a0; une conf\u00e9rence par un repr\u00e9sentant de l\u2019agence ChartierDalix &#8211; serp le lundi 6\u00a0octobre \u00e0 19\u00a0h au Kulturzentrum Tollhaus \u00e0 Karlsruhe\u00a0; une conf\u00e9rence Winy Maas (un des associ\u00e9s fondateurs de MVRDV) le jeudi 9\u00a0octobre au Maillon \u00e0 Strasbourg\u00a0; une conf\u00e9rence de Julien Boidot \u00e0 la Filature \u00e0 Mulhouse\u00a0; les Rencontres transfrontali\u00e8res \u00e0 B\u00e2le la journ\u00e9e du jeudi 23\u00a0octobre\u00a0; et la conf\u00e9rence de Bruther \u00e0 l\u2019Helvetia campus de B\u00e2le le jeudi 23\u00a0octobre \u00e0 18\u00a0h\u00a030.<\/p>\n<p>Le programme d\u2019expositions et de tables rondes s\u2019appuiera sur cinq th\u00e8mes\u00a0: \u00ab\u00a0B\u00e2tir et habiter demain\u00a0: regards crois\u00e9s sur 2\u00a0000-2\u00a0025-2\u00a0050\u00a0\u00bb\u00a0; \u00ab\u00a0Habiter et d\u00e9couvrir le Rhin sup\u00e9rieur\u00a0: paysages, villes et territoire\u00a0\u00bb\u00a0; \u00ab\u00a0Jeunes architectes, grands enjeux\u00a0\u00bb\u00a0; \u00ab\u00a0Transformer, r\u00e9utiliser, surprendre\u00a0\u00bb\u00a0; \u00ab\u00a0Explorations cr\u00e9atives au fil du Rhin\u00a0\u00bb.<\/p>\n<p class=\"note\">Tous les rendez-vous sur www.m-ea.eu<\/p>\n","protected":false},"excerpt":{"rendered":"\u00ab\u00a0Si les Journ\u00e9es de l\u2019architecture ont explor\u00e9 \u00e0 leurs d\u00e9buts les th\u00e8mes fondamentaux de ce qu\u2019est l\u2019architecture, les&hellip;\n","protected":false},"author":2,"featured_media":413739,"comment_status":"","ping_status":"","sticky":false,"template":"","format":"standard","meta":{"footnotes":""},"categories":[2820],"tags":[1111,11,2389,6211,1687,2880,1777,674,107,1011,27,775,12,5486,25,640,2879],"class_list":{"0":"post-413738","1":"post","2":"type-post","3":"status-publish","4":"format-standard","5":"has-post-thumbnail","7":"category-strasbourg","8":"tag-actu","9":"tag-actualites","10":"tag-alsace","11":"tag-conference","12":"tag-culture-loisirs","13":"tag-edition-strasbourg","14":"tag-eu","15":"tag-europe","16":"tag-fil-info","17":"tag-fr","18":"tag-france","19":"tag-grand-est","20":"tag-news","21":"tag-rencontre","22":"tag-republique-francaise","23":"tag-strasbourg","24":"tag-strasbourg-ville"},"share_on_mastodon":{"url":"https:\/\/pubeurope.com\/@fr\/115257842313621052","error":""},"_links":{"self":[{"href":"https:\/\/www.europesays.com\/fr\/wp-json\/wp\/v2\/posts\/413738","targetHints":{"allow":["GET"]}}],"collection":[{"href":"https:\/\/www.europesays.com\/fr\/wp-json\/wp\/v2\/posts"}],"about":[{"href":"https:\/\/www.europesays.com\/fr\/wp-json\/wp\/v2\/types\/post"}],"author":[{"embeddable":true,"href":"https:\/\/www.europesays.com\/fr\/wp-json\/wp\/v2\/users\/2"}],"replies":[{"embeddable":true,"href":"https:\/\/www.europesays.com\/fr\/wp-json\/wp\/v2\/comments?post=413738"}],"version-history":[{"count":0,"href":"https:\/\/www.europesays.com\/fr\/wp-json\/wp\/v2\/posts\/413738\/revisions"}],"wp:featuredmedia":[{"embeddable":true,"href":"https:\/\/www.europesays.com\/fr\/wp-json\/wp\/v2\/media\/413739"}],"wp:attachment":[{"href":"https:\/\/www.europesays.com\/fr\/wp-json\/wp\/v2\/media?parent=413738"}],"wp:term":[{"taxonomy":"category","embeddable":true,"href":"https:\/\/www.europesays.com\/fr\/wp-json\/wp\/v2\/categories?post=413738"},{"taxonomy":"post_tag","embeddable":true,"href":"https:\/\/www.europesays.com\/fr\/wp-json\/wp\/v2\/tags?post=413738"}],"curies":[{"name":"wp","href":"https:\/\/api.w.org\/{rel}","templated":true}]}}