{"id":413740,"date":"2025-09-24T06:24:18","date_gmt":"2025-09-24T06:24:18","guid":{"rendered":"https:\/\/www.europesays.com\/fr\/413740\/"},"modified":"2025-09-24T06:24:18","modified_gmt":"2025-09-24T06:24:18","slug":"art-contemporain-le-strasbourg-galerie-tour-du-26-au-28-septembre","status":"publish","type":"post","link":"https:\/\/www.europesays.com\/fr\/413740\/","title":{"rendered":"Art contemporain. Le Strasbourg Galerie Tour, du 26 au 28\u00a0septembre"},"content":{"rendered":"<p>Pas moins de quatorze galeries strasbourgeoises cr\u00e9ent l\u2019\u00e9v\u00e9nement avec une nouvelle \u00e9dition de leur \u00ab\u00a0Strasbourg Galeries Tour\u00a0\u00bb. Les galeries Chantal Bamberger, Sandra Blum, Br\u00fbl\u00e9e, Decorde, EAST, L\u2019Estampe, Pascale Froessel, Bertrand Gillig, Yves Iffrig, Kraemer Gallery, La Pierre Large, Radial, Ritsch-Fisch et B\u00e9atrice Wolff se sont coordonn\u00e9es pour offrir un parcours vari\u00e9, fen\u00eatre sur la cr\u00e9ation moderne et contemporaine. Photographie, sculpture ou peinture, abstraction, figuration ou art brut, les programmations de chaque lieu mettent en lumi\u00e8re des artistes d\u2019ici et d\u2019ailleurs. Divers \u00e9v\u00e9nements culturels vont ponctuer ces journ\u00e9es, \u00e0 l\u2019image de cette lecture de textes d\u2019Italo Calvino, Umberto Eco, Alberto Moravia ou Michel Butor par le com\u00e9dien Jean-Marc Eder, au milieu des peintures de Leonardo Cremonini, chez Chantal Bamberger le 26 \u00e0 18h. \u00c0 la Pierre Large, chaque jour est annonc\u00e9e une performance d\u2019H\u00e9l\u00e8ne Schwaller, autour d\u2019 Egographie , texte de la photographe B\u00e9n\u00e9dicte Bach, \u00e0 l\u2019occasion de son exposition, Les \u0152ufs B\u00e9n\u00e9dicte.<\/p>\n<p class=\"note\">Les 26, 27 et 28\u00a0septembre de 14h \u00e0 19h. Nocturne le 26 jusqu\u2019\u00e0 21h. Programme complet\u00a0: www.strasbourg-galeries.com<\/p>\n","protected":false},"excerpt":{"rendered":"Pas moins de quatorze galeries strasbourgeoises cr\u00e9ent l\u2019\u00e9v\u00e9nement avec une nouvelle \u00e9dition de leur \u00ab\u00a0Strasbourg Galeries Tour\u00a0\u00bb. Les&hellip;\n","protected":false},"author":2,"featured_media":413741,"comment_status":"","ping_status":"","sticky":false,"template":"","format":"standard","meta":{"footnotes":""},"categories":[2820],"tags":[1111,11,2389,1687,2880,1777,674,2271,107,1011,27,775,12,25,640,2879],"class_list":{"0":"post-413740","1":"post","2":"type-post","3":"status-publish","4":"format-standard","5":"has-post-thumbnail","7":"category-strasbourg","8":"tag-actu","9":"tag-actualites","10":"tag-alsace","11":"tag-culture-loisirs","12":"tag-edition-strasbourg","13":"tag-eu","14":"tag-europe","15":"tag-exposition-arts-plastiques","16":"tag-fil-info","17":"tag-fr","18":"tag-france","19":"tag-grand-est","20":"tag-news","21":"tag-republique-francaise","22":"tag-strasbourg","23":"tag-strasbourg-ville"},"share_on_mastodon":{"url":"https:\/\/pubeurope.com\/@fr\/115257846290271006","error":""},"_links":{"self":[{"href":"https:\/\/www.europesays.com\/fr\/wp-json\/wp\/v2\/posts\/413740","targetHints":{"allow":["GET"]}}],"collection":[{"href":"https:\/\/www.europesays.com\/fr\/wp-json\/wp\/v2\/posts"}],"about":[{"href":"https:\/\/www.europesays.com\/fr\/wp-json\/wp\/v2\/types\/post"}],"author":[{"embeddable":true,"href":"https:\/\/www.europesays.com\/fr\/wp-json\/wp\/v2\/users\/2"}],"replies":[{"embeddable":true,"href":"https:\/\/www.europesays.com\/fr\/wp-json\/wp\/v2\/comments?post=413740"}],"version-history":[{"count":0,"href":"https:\/\/www.europesays.com\/fr\/wp-json\/wp\/v2\/posts\/413740\/revisions"}],"wp:featuredmedia":[{"embeddable":true,"href":"https:\/\/www.europesays.com\/fr\/wp-json\/wp\/v2\/media\/413741"}],"wp:attachment":[{"href":"https:\/\/www.europesays.com\/fr\/wp-json\/wp\/v2\/media?parent=413740"}],"wp:term":[{"taxonomy":"category","embeddable":true,"href":"https:\/\/www.europesays.com\/fr\/wp-json\/wp\/v2\/categories?post=413740"},{"taxonomy":"post_tag","embeddable":true,"href":"https:\/\/www.europesays.com\/fr\/wp-json\/wp\/v2\/tags?post=413740"}],"curies":[{"name":"wp","href":"https:\/\/api.w.org\/{rel}","templated":true}]}}