{"id":413742,"date":"2025-09-24T06:25:10","date_gmt":"2025-09-24T06:25:10","guid":{"rendered":"https:\/\/www.europesays.com\/fr\/413742\/"},"modified":"2025-09-24T06:25:10","modified_gmt":"2025-09-24T06:25:10","slug":"date-adresse-voici-tout-ce-que-lon-sait","status":"publish","type":"post","link":"https:\/\/www.europesays.com\/fr\/413742\/","title":{"rendered":"date, adresse, voici tout ce que l&rsquo;on sait"},"content":{"rendered":"<p>            Par<br \/>\n        <strong><br \/>\n            <a href=\"https:\/\/actu.fr\/auteur\/ugo-maillard\" title=\"Consulter tous les articles de Ugo Maillard\" target=\"_blank\" rel=\"noopener\">Ugo Maillard<\/a><br \/>\n        <\/strong><\/p>\n<p>        Publi\u00e9 le<\/p>\n<p>            24 sept. 2025 \u00e0 6h14        <\/p>\n<p>Un nouveau <strong>magasin Lidl<\/strong> ouvre ses portes \u00e0 ses premiers clients le jeudi 25\u00a0septembre 2025, sur la commune de Nice (<a href=\"https:\/\/actu.fr\/provence-alpes-cote-d-azur\/alpes-maritimes_06\" target=\"_blank\" rel=\"noopener\">Alpes-Maritimes<\/a>).<\/p>\n<p class=\" wall-content\">Voici ce que l\u2019on sait sur le nouveau point de vente de l\u2019entreprise de grande distribution.<\/p>\n<p>Dans le quartier Lingosti\u00e8re<\/p>\n<p class=\" wall-content\">Le distributeur allemand a d\u00e9cid\u00e9 de s\u2019implanter au 604 Boulevard du Mercantour, dans le quartier Lingosti\u00e8re, \u00e0 l\u2019ouest de <a href=\"https:\/\/actu.fr\/nice\/\" target=\"_blank\" rel=\"noopener\">Nice<\/a>.<\/p>\n<p>    <a href=\"https:\/\/www.google.com\/maps\/embed?pb=!1m18!1m12!1m3!1d4077.4702730635186!2d7.188172050952984!3d43.72702899324619!2m3!1f0!2f0!3f0!3m2!1i1024!2i768!4f13.1!3m3!1m2!1s0x12cdce0554da073d%3A0x979fc8933c9a8f36!2s604%20Bd%20du%20Mercantour%2C%2006200%20Nice!5e0!3m2!1sfr!2sfr!4v1758618259218!5m2!1sfr!2sfr\" title=\"Ouvrie le lien\" target=\"_blank\" rel=\"noopener\">Cliquez ici pour visualiser le contenu<\/a><\/p>\n<p class=\" wall-content\">Ouvert du lundi au samedi de 08h30 \u00e0 21h et le dimanche de 08h30 \u00e0 12h15, le supermarch\u00e9 accueillera les clients sur une surface de vente de 992 m\u00b2.<\/p>\n<blockquote class=\"ac-article-quote wall-content\">\n<p>Les clients retrouveront un assortiment de 90% de marques de distributeurs \u00e0 un prix unique dans l\u2019ensemble de ses supermarch\u00e9s.\n<\/p>\n<p>    <strong>Lidl<\/strong>\n            <\/p><\/blockquote>\n<p class=\" wall-content\">\u00c0 noter que le nouveau point de vente de Nice <strong>emploie 28 collaborateurs<\/strong> dont 13 issus de nouveaux recrutements.<\/p>\n<p>Votre r\u00e9gion, votre actu !<\/p>\n<p>Recevez chaque jour les infos qui comptent pour vous.<\/p>\n<p>\t<a href=\"https:\/\/actu.fr\/newsletter\" class=\"ac-btn ac-btn--corner ac-btn--medium ac-btn--blue800\" target=\"_blank\" rel=\"noopener\">S&rsquo;incrire<\/a><br \/>\n19 dans les Alpes-Maritimes<\/p>\n<p class=\" wall-content\">Cette ouverture est la 19\u1d49 dans le d\u00e9partement des Alpes-Maritimes. Un 20\u1d49 point de vente devrait voir le jour <a href=\"https:\/\/actu.fr\/provence-alpes-cote-d-azur\/antibes_06004\/pres-de-nice-un-immense-lidl-va-ouvrir-dans-cette-commune-ce-que-l-on-sait_62928356.html\" target=\"_blank\" rel=\"noopener\">\u00e0 Antibes<\/a> lors du premier trimestre 2026.<\/p>\n<p class=\" wall-content\">Dans les prochains mois, le groupe <strong>Lidl va racheter deux supermarch\u00e9s maralpins \u00e0 Auchan<\/strong>\u2009: Cannes et Antibes.<\/p>\n<p class=\" wall-content\">\u00c0 l\u2019\u00e9chelle nationale, on d\u00e9nombre plus de 1\u2009600 supermarch\u00e9s Lidl.<\/p>\n<p class=\" wall-content\">Personnalisez votre actualit\u00e9 en ajoutant vos villes et m\u00e9dias en favori avec <a href=\"https:\/\/moncompte.actu.fr\" title=\"D\u00e9couvez Mon Actu\" rel=\"nofollow noopener\" data-trk=\"{&quot;cta&quot;:{&quot;action&quot;:&quot;https:\\\/\\\/moncompte.actu.fr&quot;,&quot;category&quot;:&quot;mon compte&quot;,&quot;from&quot;:&quot;article footer&quot;,&quot;name&quot;:&quot;Mon actu&quot;,&quot;type&quot;:&quot;cta&quot;}}\" target=\"_blank\">Mon Actu<\/a>.<\/p>\n","protected":false},"excerpt":{"rendered":"Par Ugo Maillard Publi\u00e9 le 24 sept. 2025 \u00e0 6h14 Un nouveau magasin Lidl ouvre ses portes \u00e0&hellip;\n","protected":false},"author":2,"featured_media":413743,"comment_status":"","ping_status":"","sticky":false,"template":"","format":"standard","meta":{"footnotes":""},"categories":[2819],"tags":[1111,11,215,33,1777,674,1011,27,18542,12,2401,882,25],"class_list":{"0":"post-413742","1":"post","2":"type-post","3":"status-publish","4":"format-standard","5":"has-post-thumbnail","7":"category-nice","8":"tag-actu","9":"tag-actualites","10":"tag-commerce","11":"tag-economie","12":"tag-eu","13":"tag-europe","14":"tag-fr","15":"tag-france","16":"tag-lidl","17":"tag-news","18":"tag-nice","19":"tag-provence-alpes-cote-dazur","20":"tag-republique-francaise"},"share_on_mastodon":{"url":"https:\/\/pubeurope.com\/@fr\/115257850222941588","error":""},"_links":{"self":[{"href":"https:\/\/www.europesays.com\/fr\/wp-json\/wp\/v2\/posts\/413742","targetHints":{"allow":["GET"]}}],"collection":[{"href":"https:\/\/www.europesays.com\/fr\/wp-json\/wp\/v2\/posts"}],"about":[{"href":"https:\/\/www.europesays.com\/fr\/wp-json\/wp\/v2\/types\/post"}],"author":[{"embeddable":true,"href":"https:\/\/www.europesays.com\/fr\/wp-json\/wp\/v2\/users\/2"}],"replies":[{"embeddable":true,"href":"https:\/\/www.europesays.com\/fr\/wp-json\/wp\/v2\/comments?post=413742"}],"version-history":[{"count":0,"href":"https:\/\/www.europesays.com\/fr\/wp-json\/wp\/v2\/posts\/413742\/revisions"}],"wp:featuredmedia":[{"embeddable":true,"href":"https:\/\/www.europesays.com\/fr\/wp-json\/wp\/v2\/media\/413743"}],"wp:attachment":[{"href":"https:\/\/www.europesays.com\/fr\/wp-json\/wp\/v2\/media?parent=413742"}],"wp:term":[{"taxonomy":"category","embeddable":true,"href":"https:\/\/www.europesays.com\/fr\/wp-json\/wp\/v2\/categories?post=413742"},{"taxonomy":"post_tag","embeddable":true,"href":"https:\/\/www.europesays.com\/fr\/wp-json\/wp\/v2\/tags?post=413742"}],"curies":[{"name":"wp","href":"https:\/\/api.w.org\/{rel}","templated":true}]}}