{"id":413761,"date":"2025-09-24T06:35:18","date_gmt":"2025-09-24T06:35:18","guid":{"rendered":"https:\/\/www.europesays.com\/fr\/413761\/"},"modified":"2025-09-24T06:35:18","modified_gmt":"2025-09-24T06:35:18","slug":"gilles-chauvet-arrive-chez-cfc","status":"publish","type":"post","link":"https:\/\/www.europesays.com\/fr\/413761\/","title":{"rendered":"Gilles Chauvet arrive chez CFC"},"content":{"rendered":"<p>\t\t\t\t\t\t\t\t\t\tGilles Chauvet arrive chez CFC<\/p>\n<p><\/p>\n<p>\t\t\t\t\t\t\t\t\t\t\t\t<a href=\"https:\/\/www.europesays.com\/fr\/wp-content\/uploads\/2025\/09\/Gilles-Chauvet-CFC.jpg\" class=\"lightbox-photo\" title=\"\"><img decoding=\"async\" src=\"https:\/\/www.europesays.com\/fr\/wp-content\/uploads\/2025\/09\/Gilles-Chauvet-CFC.jpg\" alt=\"\" width=\"865\" style=\"width:865px;box-shadow: 0px 0px 10px 1px rgba(0,0,0,1);\"\/><\/a><\/p>\n<p>\t\t\t\t\t\t\t\t\t\t&#13;<br \/>\n\t\t\t\t\t\t\t\t\t\t&#13;<br \/>\n\t\t\t\t\t\t\t\t\t\t\t24 septembre 2025\u00a0\u00a0&#13;<br \/>\n\t\t\t\t\t\t\t\t\t\t\t&#13;<br \/>\n\t\t\t\t\t\t\t\t\t\t\t<a href=\"https:\/\/www.laquotidienne.fr\/author\/preibec\/\" title=\"Articles par R\u00e9daction\" rel=\"author noopener\" target=\"_blank\">R\u00e9daction<\/a>\u00a0\u00a0&#13;<br \/>\n\t\t\t\t\t\t\t\t\t\t\t&#13;<br \/>\n\t\t\t\t\t\t\t\t\t\t\t&#13;<br \/>\n\t\t\t\t\t\t\t\t\t\t\t<a href=\"#comments\" class=\"scrollTo item-meta-i\"><\/a><a href=\"https:\/\/www.laquotidienne.fr\/gilles-chauvet-arrive-chez-cfc\/#respond\" target=\"_blank\" rel=\"noopener\">Aucun commentaire<\/a>\u00a0\u00a0&#13;<br \/>\n\t\t\t\t\t\t\t\t\t\t\t&#13;<br \/>\n\t\t\t\t\t\t\t\t\t\t\t<a href=\"https:\/\/www.laquotidienne.fr\/rubrique\/people\/\" rel=\"category tag noopener\" target=\"_blank\">People<\/a>\u00a0\u00a0&#13;<br \/>\n\t\t\t\t\t\t\t\t\t\t\t&#13;<br \/>\n\t\t\t\t\t\t\t\t\t\t\t\u00a0<a href=\"https:\/\/www.laquotidienne.fr\/tag\/cfc\/\" rel=\"tag noopener\" target=\"_blank\">CFC<\/a>, <a href=\"https:\/\/www.laquotidienne.fr\/tag\/compagnie-francaise-de-croisieres\/\" rel=\"tag noopener\" target=\"_blank\">Compagnie Fran\u00e7aise de Croisi\u00e8res<\/a>, <a href=\"https:\/\/www.laquotidienne.fr\/tag\/france\/\" rel=\"tag noopener\" target=\"_blank\">France<\/a>, <a href=\"https:\/\/www.laquotidienne.fr\/tag\/gilles-chauvet\/\" rel=\"tag noopener\" target=\"_blank\">Gilles Chauvet<\/a>\u00a0\u00a0&#13;<br \/>\n\t\t\t\t\t\t\t\t\t\t\t&#13;<br \/>\n\t\t\t\t\t\t\t\t\t\t\t&#13;<br \/>\n\t\t\t\t\t\t\t\t\t\t\t&#13;<\/p>\n<p><strong>Gilles Chauvet est le nouveau Directeur commercial de la compagnie CFC. Il \u00e9tait jusqu\u2019\u00e0 peu Directeur commercial chez MSC qu\u2019il avait rejoint en 2015.<\/strong><\/p>\n<p><img decoding=\"async\" loading=\"lazy\" class=\"size-full wp-image-155054 alignleft\" src=\"https:\/\/www.europesays.com\/fr\/wp-content\/uploads\/2025\/09\/CFC.jpg\" alt=\"\" width=\"640\" height=\"352\"  \/>Gilles Chauvet a notamment \u0153uvr\u00e9 entre 1995 et 2011 au sein de Costa Croisi\u00e8res o\u00f9 il occupait le poste de Directeur des Ventes et apr\u00e8s un passage chez MMV (Mer Montagne Vacances), et chez Voyage Priv\u00e9 \u00e0 Aix en Provence.<\/p>\n<p>Il rejoint d\u00e9sormais la Compagnie Fran\u00e7aise de Croisi\u00e8res qui exploite le Renaissance avec une exp\u00e9rience professionnelle substantielle de plus de 25 ans en management d\u2019\u00e9quipes commerciales et de r\u00e9seaux de vente, acquise au sein de groupes d\u2019envergure nationale et internationale.<\/p>\n<p>La Quotidienne lui souhaite le meilleur dans ses nouvelles fonctions.<\/p>\n<p>\t\t\t\t\t\t\t\t\t\t\t<br clear=\"all\"\/><\/p>\n<p>\t\t\t\t\t\t\t\t\t\t\t&#13;<br \/>\n\t\t\t\t\t\t\t\t\t\t\t\t\t\t\t\t\t\t\t\t\t\t<a href=\"https:\/\/www.facebook.com\/sharer.php?u=https:\/\/www.laquotidienne.fr\/gilles-chauvet-arrive-chez-cfc\/&amp;t=Gilles Chauvet arrive chez CFC\" target=\"_blank\" class=\"item\" title=\"Partagez sur Facebook\" rel=\"noopener\"><img decoding=\"async\" src=\"https:\/\/www.europesays.com\/fr\/wp-content\/uploads\/2025\/04\/fb.jpg\" style=\"box-shadow:0px 0px 10px black;\"\/><\/a><br \/>&#13;<br \/>\n\t\t\t\t\t\t\t\t\t\t\t<a href=\"https:\/\/www.facebook.com\/sharer.php?u=https:\/\/www.laquotidienne.fr\/gilles-chauvet-arrive-chez-cfc\/&amp;t=Gilles Chauvet arrive chez CFC\" target=\"_blank\" class=\"item\" title=\"Partagez sur Facebook\" rel=\"noopener\"><img decoding=\"async\" src=\"https:\/\/www.europesays.com\/fr\/wp-content\/uploads\/2025\/09\/Gilles-Chauvet-CFC-resizedFile55.jpg\" style=\"width:300px;\"\/><\/a>&#13;<\/p>\n<p>&#13;\n\t\t\t\t\t\t\t\t\t\t<\/p>\n","protected":false},"excerpt":{"rendered":"Gilles Chauvet arrive chez CFC &#13; &#13; 24 septembre 2025\u00a0\u00a0&#13; &#13; R\u00e9daction\u00a0\u00a0&#13; &#13; &#13; Aucun commentaire\u00a0\u00a0&#13; &#13; People\u00a0\u00a0&#13;&hellip;\n","protected":false},"author":2,"featured_media":413762,"comment_status":"","ping_status":"","sticky":false,"template":"","format":"standard","meta":{"footnotes":""},"categories":[2814],"tags":[1111,11,1777,674,1011,27,1031,4052,884,12,4048,4050,882,1404,4049,25,4053,4051,602],"class_list":{"0":"post-413761","1":"post","2":"type-post","3":"status-publish","4":"format-standard","5":"has-post-thumbnail","7":"category-marseille","8":"tag-actu","9":"tag-actualites","10":"tag-eu","11":"tag-europe","12":"tag-fr","13":"tag-france","14":"tag-magazine","15":"tag-magazine-touristique","16":"tag-marseille","17":"tag-news","18":"tag-presse","19":"tag-presse-professionnelle","20":"tag-provence-alpes-cote-dazur","21":"tag-quotidien","22":"tag-quotidienne","23":"tag-republique-francaise","24":"tag-revue","25":"tag-revue-tourisme","26":"tag-tourisme"},"share_on_mastodon":{"url":"https:\/\/pubeurope.com\/@fr\/115257890413573786","error":""},"_links":{"self":[{"href":"https:\/\/www.europesays.com\/fr\/wp-json\/wp\/v2\/posts\/413761","targetHints":{"allow":["GET"]}}],"collection":[{"href":"https:\/\/www.europesays.com\/fr\/wp-json\/wp\/v2\/posts"}],"about":[{"href":"https:\/\/www.europesays.com\/fr\/wp-json\/wp\/v2\/types\/post"}],"author":[{"embeddable":true,"href":"https:\/\/www.europesays.com\/fr\/wp-json\/wp\/v2\/users\/2"}],"replies":[{"embeddable":true,"href":"https:\/\/www.europesays.com\/fr\/wp-json\/wp\/v2\/comments?post=413761"}],"version-history":[{"count":0,"href":"https:\/\/www.europesays.com\/fr\/wp-json\/wp\/v2\/posts\/413761\/revisions"}],"wp:featuredmedia":[{"embeddable":true,"href":"https:\/\/www.europesays.com\/fr\/wp-json\/wp\/v2\/media\/413762"}],"wp:attachment":[{"href":"https:\/\/www.europesays.com\/fr\/wp-json\/wp\/v2\/media?parent=413761"}],"wp:term":[{"taxonomy":"category","embeddable":true,"href":"https:\/\/www.europesays.com\/fr\/wp-json\/wp\/v2\/categories?post=413761"},{"taxonomy":"post_tag","embeddable":true,"href":"https:\/\/www.europesays.com\/fr\/wp-json\/wp\/v2\/tags?post=413761"}],"curies":[{"name":"wp","href":"https:\/\/api.w.org\/{rel}","templated":true}]}}