{"id":413775,"date":"2025-09-24T06:44:09","date_gmt":"2025-09-24T06:44:09","guid":{"rendered":"https:\/\/www.europesays.com\/fr\/413775\/"},"modified":"2025-09-24T06:44:09","modified_gmt":"2025-09-24T06:44:09","slug":"il-avait-viole-deux-jeunes-femmes-en-pleine-journee-dans-des-halles-dimmeubles-un-homme-juge-a-paris","status":"publish","type":"post","link":"https:\/\/www.europesays.com\/fr\/413775\/","title":{"rendered":"Il avait viol\u00e9 deux jeunes femmes en pleine journ\u00e9e dans des halles d&rsquo;immeubles, un homme jug\u00e9 \u00e0 Paris"},"content":{"rendered":"<p>            Par<br \/>\n        <strong><br \/>\n            <a href=\"https:\/\/actu.fr\/auteur\/antoine-blanchet\" title=\"Consulter tous les articles de Antoine Blanchet\" rel=\"nofollow noopener\" target=\"_blank\">Antoine Blanchet<\/a><br \/>\n        <\/strong><\/p>\n<p>        Publi\u00e9 le<\/p>\n<p>            24 sept. 2025 \u00e0 8h02        <\/p>\n<p>Une apr\u00e8s-midi d\u2019horreur. Ce mercredi 24 septembre 2025 s\u2019ouvre devant la cour criminelle de <a href=\"https:\/\/actu.fr\/paris\/\" rel=\"nofollow noopener\" target=\"_blank\">Paris<\/a> le proc\u00e8s d\u2019un homme de 27 ans pour <strong>deux viols commis dans des halls d\u2019immeubles.<\/strong> Les faits avaient \u00e9t\u00e9 commis en pleine journ\u00e9e en novembre 2023.\u00a0<\/p>\n<p>Deux viols en quelques heures<\/p>\n<p class=\" wall-content\">Ce jour-l\u00e0, Jordy G. s\u2019\u00e9tait livr\u00e9 \u00e0 un effroyable parcours criminel. Dans un premier hall dans le 8\u1d49 arrondissement, <a href=\"https:\/\/actu.fr\/ile-de-france\/paris_75056\/paris-deux-femmes-violees-successivement-un-homme-interpelle_60324525.html\" rel=\"nofollow noopener\" target=\"_blank\">il avait viol\u00e9 sous la menace d\u2019une arme<\/a> une jeune baby-sitter de 19 ans. La seconde victime, \u00e2g\u00e9e de 27 ans, avait \u00e9t\u00e9 agress\u00e9e en rentrant chez elle pr\u00e8s du parc Monceau dans le 17\u1d49 arrondissement.\u00a0<\/p>\n<p class=\" wall-content\">L\u2019auteur de ces deux faits avait tr\u00e8s vite \u00e9t\u00e9 pris en chasse par la police et interpell\u00e9. Originaire de Centrafrique, il \u00e9tait d\u00e9j\u00e0 bien connu de la justice et faisait l\u2019objet de plusieurs <strong>obligations de quitter le territoire fran\u00e7ais (OQTF)<\/strong>. La deuxi\u00e8me victime, Claire, s\u2019\u00e9tait exprim\u00e9e dans plusieurs m\u00e9dias et avait d\u00e9nonc\u00e9 le fait que l\u2019accus\u00e9 n\u2019avait pas \u00e9t\u00e9 expuls\u00e9.\u00a0<\/p>\n<p class=\" wall-content\">L\u2019audience est pr\u00e9vu pour durer jusqu\u2019au vendredi 26 septembre 2025.\u00a0<\/p>\n<p class=\" wall-content\">Personnalisez votre actualit\u00e9 en ajoutant vos villes et m\u00e9dias en favori avec <a href=\"https:\/\/moncompte.actu.fr\" title=\"D\u00e9couvez Mon Actu\" rel=\"nofollow noopener\" data-trk=\"{&quot;cta&quot;:{&quot;action&quot;:&quot;https:\\\/\\\/moncompte.actu.fr&quot;,&quot;category&quot;:&quot;mon compte&quot;,&quot;from&quot;:&quot;article footer&quot;,&quot;name&quot;:&quot;Mon actu&quot;,&quot;type&quot;:&quot;cta&quot;}}\" target=\"_blank\">Mon Actu<\/a>.<\/p>\n","protected":false},"excerpt":{"rendered":"Par Antoine Blanchet Publi\u00e9 le 24 sept. 2025 \u00e0 8h02 Une apr\u00e8s-midi d\u2019horreur. Ce mercredi 24 septembre 2025&hellip;\n","protected":false},"author":2,"featured_media":16371,"comment_status":"","ping_status":"","sticky":false,"template":"","format":"standard","meta":{"footnotes":""},"categories":[1888],"tags":[11,1777,674,118,1011,27,303,12,626,2694,25,799],"class_list":{"0":"post-413775","1":"post","2":"type-post","3":"status-publish","4":"format-standard","5":"has-post-thumbnail","7":"category-paris","8":"tag-actualites","9":"tag-eu","10":"tag-europe","11":"tag-faits-divers","12":"tag-fr","13":"tag-france","14":"tag-justice","15":"tag-news","16":"tag-paris","17":"tag-proces","18":"tag-republique-francaise","19":"tag-violences-sexuelles"},"share_on_mastodon":{"url":"https:\/\/pubeurope.com\/@fr\/115257925031305160","error":""},"_links":{"self":[{"href":"https:\/\/www.europesays.com\/fr\/wp-json\/wp\/v2\/posts\/413775","targetHints":{"allow":["GET"]}}],"collection":[{"href":"https:\/\/www.europesays.com\/fr\/wp-json\/wp\/v2\/posts"}],"about":[{"href":"https:\/\/www.europesays.com\/fr\/wp-json\/wp\/v2\/types\/post"}],"author":[{"embeddable":true,"href":"https:\/\/www.europesays.com\/fr\/wp-json\/wp\/v2\/users\/2"}],"replies":[{"embeddable":true,"href":"https:\/\/www.europesays.com\/fr\/wp-json\/wp\/v2\/comments?post=413775"}],"version-history":[{"count":0,"href":"https:\/\/www.europesays.com\/fr\/wp-json\/wp\/v2\/posts\/413775\/revisions"}],"wp:featuredmedia":[{"embeddable":true,"href":"https:\/\/www.europesays.com\/fr\/wp-json\/wp\/v2\/media\/16371"}],"wp:attachment":[{"href":"https:\/\/www.europesays.com\/fr\/wp-json\/wp\/v2\/media?parent=413775"}],"wp:term":[{"taxonomy":"category","embeddable":true,"href":"https:\/\/www.europesays.com\/fr\/wp-json\/wp\/v2\/categories?post=413775"},{"taxonomy":"post_tag","embeddable":true,"href":"https:\/\/www.europesays.com\/fr\/wp-json\/wp\/v2\/tags?post=413775"}],"curies":[{"name":"wp","href":"https:\/\/api.w.org\/{rel}","templated":true}]}}