{"id":413788,"date":"2025-09-24T06:52:22","date_gmt":"2025-09-24T06:52:22","guid":{"rendered":"https:\/\/www.europesays.com\/fr\/413788\/"},"modified":"2025-09-24T06:52:22","modified_gmt":"2025-09-24T06:52:22","slug":"moins-de-pauvres-mais-plus-de-personnes-modestes-en-france-que-dans-lue","status":"publish","type":"post","link":"https:\/\/www.europesays.com\/fr\/413788\/","title":{"rendered":"Moins de pauvres mais plus de personnes modestes en France que dans l&rsquo;UE"},"content":{"rendered":"<p>La France compte moins de pauvres en proportion de sa population mais un peu plus de personnes modestes que la moyenne des pays de l&rsquo;UE, selon une \u00e9tude de la Drees parue ce mercredi 24 septembre.<\/p>\n<p>Le service statistique des minist\u00e8res sociaux caract\u00e9rise les personnes dites \u00ab\u00a0pauvres\u00a0\u00bb par un niveau de vie inf\u00e9rieur \u00e0 60% de la m\u00e9diane du pays, et les personnes \u00ab\u00a0modestes\u00a0\u00bb entre 60 et 75% de ce niveau de vie m\u00e9dian.<\/p>\n<p>\u00ab\u00a0Dans tous les pays de l&rsquo;UE, on compte entre 10 et 15% de personnes modestes, tandis que le taux de pauvret\u00e9 varie de 9 \u00e0 23%\u00a0\u00bb, rel\u00e8ve l&rsquo;\u00e9tude qui se base sur des donn\u00e9es de 2021.<\/p>\n<p>La France compte 14% de personnes pauvres (contre 17% en moyenne dans l&rsquo;UE) et 13% de personnes modestes (contre 12% dans l&rsquo;UE).<\/p>\n<p>Les retrait\u00e9s sont nettement moins touch\u00e9s par la pauvret\u00e9 en France<\/p>\n<p>\u00ab\u00a0En dessous de la moyenne europ\u00e9enne\u00a0\u00bb pour le taux de pauvret\u00e9, la France se situe \u00ab\u00a0\u00e0 mi-chemin\u00a0\u00bb entre le Luxembourg (18% de pauvres) et la Finlande (11%).<\/p>\n<p>Dans l&rsquo;UE comme en France, les familles monoparentales, les familles nombreuses, les ch\u00f4meurs, les immigr\u00e9s et les personnes seules sont plus \u00e0 risque d&rsquo;\u00eatre pauvres ou modestes.<\/p>\n","protected":false},"excerpt":{"rendered":"La France compte moins de pauvres en proportion de sa population mais un peu plus de personnes modestes&hellip;\n","protected":false},"author":2,"featured_media":413789,"comment_status":"","ping_status":"","sticky":false,"template":"","format":"standard","meta":{"footnotes":""},"categories":[1586],"tags":[17,11,1777,674,1779,1011,27,4564,54438,379,12,52972,3744,378,25,104,1778,364],"class_list":{"0":"post-413788","1":"post","2":"type-post","3":"status-publish","4":"format-standard","5":"has-post-thumbnail","7":"category-europe","8":"tag-17","9":"tag-actualites","10":"tag-eu","11":"tag-europe","12":"tag-european-union","13":"tag-fr","14":"tag-france","15":"tag-mais","16":"tag-modestes","17":"tag-moins","18":"tag-news","19":"tag-pauvres","20":"tag-personnes","21":"tag-plus","22":"tag-republique-francaise","23":"tag-societe","24":"tag-ue","25":"tag-union-europeenne"},"share_on_mastodon":{"url":"https:\/\/pubeurope.com\/@fr\/115258912311526145","error":""},"_links":{"self":[{"href":"https:\/\/www.europesays.com\/fr\/wp-json\/wp\/v2\/posts\/413788","targetHints":{"allow":["GET"]}}],"collection":[{"href":"https:\/\/www.europesays.com\/fr\/wp-json\/wp\/v2\/posts"}],"about":[{"href":"https:\/\/www.europesays.com\/fr\/wp-json\/wp\/v2\/types\/post"}],"author":[{"embeddable":true,"href":"https:\/\/www.europesays.com\/fr\/wp-json\/wp\/v2\/users\/2"}],"replies":[{"embeddable":true,"href":"https:\/\/www.europesays.com\/fr\/wp-json\/wp\/v2\/comments?post=413788"}],"version-history":[{"count":0,"href":"https:\/\/www.europesays.com\/fr\/wp-json\/wp\/v2\/posts\/413788\/revisions"}],"wp:featuredmedia":[{"embeddable":true,"href":"https:\/\/www.europesays.com\/fr\/wp-json\/wp\/v2\/media\/413789"}],"wp:attachment":[{"href":"https:\/\/www.europesays.com\/fr\/wp-json\/wp\/v2\/media?parent=413788"}],"wp:term":[{"taxonomy":"category","embeddable":true,"href":"https:\/\/www.europesays.com\/fr\/wp-json\/wp\/v2\/categories?post=413788"},{"taxonomy":"post_tag","embeddable":true,"href":"https:\/\/www.europesays.com\/fr\/wp-json\/wp\/v2\/tags?post=413788"}],"curies":[{"name":"wp","href":"https:\/\/api.w.org\/{rel}","templated":true}]}}