{"id":413830,"date":"2025-09-24T11:20:11","date_gmt":"2025-09-24T11:20:11","guid":{"rendered":"https:\/\/www.europesays.com\/fr\/413830\/"},"modified":"2025-09-24T11:20:11","modified_gmt":"2025-09-24T11:20:11","slug":"jai-vu-que-jarrivais-a-convaincre","status":"publish","type":"post","link":"https:\/\/www.europesays.com\/fr\/413830\/","title":{"rendered":"J\u2019ai vu que j\u2019arrivais \u00e0 convaincre"},"content":{"rendered":"<p itemprop=\"description\"><strong>Ce vendredi, <a href=\"https:\/\/www.lyonmag.com\/profil-personnalite-lyonnaise\/8\/jean-michel-aulas\" target=\"_blank\" rel=\"noopener\">Jean-Michel Aulas<\/a> donnera un grand meeting pour lancer sa campagne des \u00e9lections municipales \u00e0 Lyon.<\/strong><\/p>\n<p>L&rsquo;ancien pr\u00e9sident de l&rsquo;OL, soutenu par les R\u00e9publicains, Renaissance ou encore Horizons, entend renverser <a href=\"https:\/\/www.lyonmag.com\/profil-personnalite-lyonnaise\/504\/gregory-doucet\" target=\"_blank\" rel=\"noopener\">Gr\u00e9gory Doucet<\/a> pour relancer une ville de Lyon \u00ab\u00a0en d\u00e9sesp\u00e9rance\u00a0\u00bb.<\/p>\n<p>Invit\u00e9 de l&rsquo;After Foot ce mardi soir sur RMC, Jean-Michel Aulas a \u00e9videmment beaucoup parl\u00e9 de football et de son ancien club, mais aussi de politique. Il estime qu&rsquo;il y a \u00ab\u00a0un certain nombre de gens qui souffrent \u00e0 Lyon\u00a0\u00bb et qu&rsquo;il faut reprendre des mains des \u00e9cologistes \u00ab\u00a0quelque chose qui brillait partout et qui ne brille plus\u00a0\u00bb.<\/p>\n<p>JMA a r\u00e9v\u00e9l\u00e9 le nom de son projet pour Lyon : Coeur lyonnais. Il promet des r\u00e9f\u00e9rendums aux Lyonnais chaque ann\u00e9e sur une plateforme en ligne.<\/p>\n<p>Et a annonc\u00e9 que\u00a0\u00ab\u00a0la soci\u00e9t\u00e9 civile disposera de plus de 50% dans les responsables de cette gestion\u00a0\u00bb. D&rsquo;o\u00f9 les n\u00e9gociations \u00e2pres avec les partis et les \u00e9lus locaux qui ne voulaient pas \u00eatre \u00e9cart\u00e9s du pouvoir en cas de victoire.<\/p>\n<p>\u00ab\u00a0J\u2019ai vu que j\u2019arrivais \u00e0 convaincre\u00a0\u00bb, conclut Jean-Michel Aulas, qui se f\u00e9licite d&rsquo;avoir \u00ab\u00a0r\u00e9ussi \u00e0 regrouper un socle qui devrait permettre de titiller les gens en place\u00a0\u00bb.<\/p>\n<p>Place d\u00e9sormais au meeting au H7 \u00e0 la Confluence, qui devra absolument en mettre plein les yeux sous peine de d\u00e9j\u00e0 d\u00e9gonfler la forte attente plac\u00e9e dans le candidat de 76 ans.<\/p>\n","protected":false},"excerpt":{"rendered":"Ce vendredi, Jean-Michel Aulas donnera un grand meeting pour lancer sa campagne des \u00e9lections municipales \u00e0 Lyon. L&rsquo;ancien&hellip;\n","protected":false},"author":2,"featured_media":413831,"comment_status":"","ping_status":"","sticky":false,"template":"","format":"standard","meta":{"footnotes":""},"categories":[4],"tags":[1111,11,2813,2190,1109,251,1112,2811,118,1011,27,1922,1110,1114,2428,2810,12,241,316,25,2812,517,800],"class_list":{"0":"post-413830","1":"post","2":"type-post","3":"status-publish","4":"format-standard","5":"has-post-thumbnail","7":"category-france","8":"tag-actu","9":"tag-actualites","10":"tag-article","11":"tag-asvel","12":"tag-breves","13":"tag-culture","14":"tag-depeches","15":"tag-economique","16":"tag-faits-divers","17":"tag-fr","18":"tag-france","19":"tag-info","20":"tag-informations","21":"tag-infos","22":"tag-lyon","23":"tag-lyonmag","24":"tag-news","25":"tag-ol","26":"tag-politique","27":"tag-republique-francaise","28":"tag-sociale","29":"tag-sport","30":"tag-transports"},"share_on_mastodon":{"url":"https:\/\/pubeurope.com\/@fr\/115259010199232517","error":""},"_links":{"self":[{"href":"https:\/\/www.europesays.com\/fr\/wp-json\/wp\/v2\/posts\/413830","targetHints":{"allow":["GET"]}}],"collection":[{"href":"https:\/\/www.europesays.com\/fr\/wp-json\/wp\/v2\/posts"}],"about":[{"href":"https:\/\/www.europesays.com\/fr\/wp-json\/wp\/v2\/types\/post"}],"author":[{"embeddable":true,"href":"https:\/\/www.europesays.com\/fr\/wp-json\/wp\/v2\/users\/2"}],"replies":[{"embeddable":true,"href":"https:\/\/www.europesays.com\/fr\/wp-json\/wp\/v2\/comments?post=413830"}],"version-history":[{"count":0,"href":"https:\/\/www.europesays.com\/fr\/wp-json\/wp\/v2\/posts\/413830\/revisions"}],"wp:featuredmedia":[{"embeddable":true,"href":"https:\/\/www.europesays.com\/fr\/wp-json\/wp\/v2\/media\/413831"}],"wp:attachment":[{"href":"https:\/\/www.europesays.com\/fr\/wp-json\/wp\/v2\/media?parent=413830"}],"wp:term":[{"taxonomy":"category","embeddable":true,"href":"https:\/\/www.europesays.com\/fr\/wp-json\/wp\/v2\/categories?post=413830"},{"taxonomy":"post_tag","embeddable":true,"href":"https:\/\/www.europesays.com\/fr\/wp-json\/wp\/v2\/tags?post=413830"}],"curies":[{"name":"wp","href":"https:\/\/api.w.org\/{rel}","templated":true}]}}