{"id":413836,"date":"2025-09-24T11:23:15","date_gmt":"2025-09-24T11:23:15","guid":{"rendered":"https:\/\/www.europesays.com\/fr\/413836\/"},"modified":"2025-09-24T11:23:15","modified_gmt":"2025-09-24T11:23:15","slug":"le-maire-recadre-par-la-presidente-du-tribunal-avant-detre-soumis-aux-questions-de-la-procureure-et-des-avocats","status":"publish","type":"post","link":"https:\/\/www.europesays.com\/fr\/413836\/","title":{"rendered":"le maire recadr\u00e9 par la pr\u00e9sidente du tribunal, avant d&rsquo;\u00eatre soumis aux questions de la procureure et des avocats"},"content":{"rendered":"<p>Dans un nouvel extrait, on entend Ga\u00ebl Perdriau demander \u00e0 Gilles Artigues de quitter son poste de premier adjoint parce qu&rsquo;il estime avoir \u00e9t\u00e9 trahi.<\/p>\n<p>\u00ab\u00a0Dans un communiqu\u00e9, tu donneras la raison que tu veux\u00a0\u00bb, lui dit le maire.<\/p>\n<p>\u00ab\u00a0J&rsquo;ai toujours \u00e9t\u00e9 loyal avec toi, et je comprends que tu veuilles mettre quelqu&rsquo;un d&rsquo;autre, donc j&rsquo;accepte. (&#8230;) C&rsquo;est tr\u00e8s injuste\u00a0\u00bb, r\u00e9pond Gilles Artigues.<\/p>\n<p>Le sujet du potentiel d\u00e9tournement de fonds publics va d\u00e9sormais \u00eatre abord\u00e9. Pour rappel, il s&rsquo;agit de 40\u00a0000\u00a0\u20ac qui auraient \u00e9t\u00e9 vers\u00e9s via des subventions municipales, 20\u00a0000\u00a0\u20ac par l&rsquo;association France-Lettonie et 20\u00a0000\u00a0\u20ac par l&rsquo;Agap (Artistes de la galerie Art pluriel), rappelle la pr\u00e9sidente.<\/p>\n<p>Parmi les infractions reproch\u00e9es, celle de d\u00e9tournement de fonds publics par d\u00e9positaire de l\u2019autorit\u00e9 publique <a href=\"https:\/\/www.leprogres.fr\/faits-divers-justice\/2025\/09\/19\/ineligibilite-prison-bracelet-amende-quelles-peines-au-proces-perdriau\" target=\"_blank\" rel=\"noopener\">est la plus lourdement sanctionn\u00e9e<\/a> : dix ans d\u2019emprisonnement, 1 million d\u2019euros d\u2019amende, in\u00e9ligibilit\u00e9 obligatoire.<\/p>\n<p>Robert Giacomel et son \u00e9pouse, Nicole Deville \u00e9pouse Giacomel, de l&rsquo;association France-Lettonie, et Philippe Buil et Chantal Sabatier, de l&rsquo;Agap, sont poursuivis pour abus de confiance et seront appel\u00e9s \u00e0 la barre lors de ce proc\u00e8s.<\/p>\n","protected":false},"excerpt":{"rendered":"Dans un nouvel extrait, on entend Ga\u00ebl Perdriau demander \u00e0 Gilles Artigues de quitter son poste de premier&hellip;\n","protected":false},"author":2,"featured_media":413837,"comment_status":"","ping_status":"","sticky":false,"template":"","format":"standard","meta":{"footnotes":""},"categories":[9653],"tags":[1111,11,42797,2430,271,272,7539,1777,674,274,107,1011,27,3367,2428,12,316,25,2429,4001],"class_list":{"0":"post-413836","1":"post","2":"type-post","3":"status-publish","4":"format-standard","5":"has-post-thumbnail","7":"category-saint-etienne","8":"tag-actu","9":"tag-actualites","10":"tag-affaire-perdriau","11":"tag-auvergne-rhone-alpes","12":"tag-crime","13":"tag-delit-et-contravention","14":"tag-edition-loire-sud","15":"tag-eu","16":"tag-europe","17":"tag-faits-divers-justice","18":"tag-fil-info","19":"tag-fr","20":"tag-france","21":"tag-loire","22":"tag-lyon","23":"tag-news","24":"tag-politique","25":"tag-republique-francaise","26":"tag-rhone","27":"tag-saint-etienne"},"share_on_mastodon":{"url":"https:\/\/pubeurope.com\/@fr\/115259022033517352","error":""},"_links":{"self":[{"href":"https:\/\/www.europesays.com\/fr\/wp-json\/wp\/v2\/posts\/413836","targetHints":{"allow":["GET"]}}],"collection":[{"href":"https:\/\/www.europesays.com\/fr\/wp-json\/wp\/v2\/posts"}],"about":[{"href":"https:\/\/www.europesays.com\/fr\/wp-json\/wp\/v2\/types\/post"}],"author":[{"embeddable":true,"href":"https:\/\/www.europesays.com\/fr\/wp-json\/wp\/v2\/users\/2"}],"replies":[{"embeddable":true,"href":"https:\/\/www.europesays.com\/fr\/wp-json\/wp\/v2\/comments?post=413836"}],"version-history":[{"count":0,"href":"https:\/\/www.europesays.com\/fr\/wp-json\/wp\/v2\/posts\/413836\/revisions"}],"wp:featuredmedia":[{"embeddable":true,"href":"https:\/\/www.europesays.com\/fr\/wp-json\/wp\/v2\/media\/413837"}],"wp:attachment":[{"href":"https:\/\/www.europesays.com\/fr\/wp-json\/wp\/v2\/media?parent=413836"}],"wp:term":[{"taxonomy":"category","embeddable":true,"href":"https:\/\/www.europesays.com\/fr\/wp-json\/wp\/v2\/categories?post=413836"},{"taxonomy":"post_tag","embeddable":true,"href":"https:\/\/www.europesays.com\/fr\/wp-json\/wp\/v2\/tags?post=413836"}],"curies":[{"name":"wp","href":"https:\/\/api.w.org\/{rel}","templated":true}]}}