{"id":413838,"date":"2025-09-24T11:24:09","date_gmt":"2025-09-24T11:24:09","guid":{"rendered":"https:\/\/www.europesays.com\/fr\/413838\/"},"modified":"2025-09-24T11:24:09","modified_gmt":"2025-09-24T11:24:09","slug":"un-homme-de-46-ans-etrangle-et-exhibe-son-sexe-devant-sa-mere","status":"publish","type":"post","link":"https:\/\/www.europesays.com\/fr\/413838\/","title":{"rendered":"un homme de 46 ans \u00e9trangle et exhibe son sexe devant sa m\u00e8re"},"content":{"rendered":"<p>            Par<br \/>\n        <strong><br \/>\n            <a href=\"https:\/\/actu.fr\/auteur\/pierre-emile-bouchy-actu-fr\" title=\"Consulter tous les articles de Paul-Emile Bouchy\" rel=\"nofollow noopener\" target=\"_blank\">Paul-Emile Bouchy<\/a><br \/>\n        <\/strong><\/p>\n<p>        Publi\u00e9 le<\/p>\n<p>            24 sept. 2025 \u00e0 12h30        <\/p>\n<p>Dans la soir\u00e9e du lundi 15\u00a0septembre, la <a href=\"https:\/\/actu.fr\/tag\/police\" rel=\"nofollow noopener\" target=\"_blank\">police<\/a> a arr\u00eat\u00e9 <strong>un homme de 46\u00a0ans<\/strong> au domicile de sa m\u00e8re \u00e0 <strong>Jarville-la-Malgrange<\/strong> (<a href=\"https:\/\/actu.fr\/grand-est\/meurthe-et-moselle_54\" rel=\"nofollow noopener\" target=\"_blank\">Meurthe-et-Moselle<\/a>), d\u2019apr\u00e8s une information de <a href=\"https:\/\/c.estrepublicain.fr\/faits-divers-justice\/2025\/09\/22\/il-tente-d-etrangler-sa-mere-avec-laquelle-il-voulait-faire-l-amour?login=1\" rel=\"nofollow noopener\" target=\"_blank\">L\u2019Est R\u00e9publicain<\/a> confirm\u00e9e par\u00a0Lorraine Actu.<\/p>\n<p class=\" wall-content\">Les forces de l\u2019ordre ont \u00e9t\u00e9 alert\u00e9es pour des faits de <a href=\"https:\/\/actu.fr\/tag\/violences-sexuelles\" rel=\"nofollow noopener\" target=\"_blank\">violence et d\u2019agression sexuelle<\/a> <strong>commises par le fils sur sa m\u00e8re \u00e2g\u00e9e de 68\u00a0ans<\/strong>.<\/p>\n<p>L\u2019homme condamn\u00e9 \u00e0 6\u00a0mois de prison ferme<\/p>\n<p class=\" wall-content\">Selon la police, la victime aurait indiqu\u00e9 que <strong>son fils avait tent\u00e9 de l\u2019\u00e9trangler et l\u2019avait agress\u00e9e sexuellement \u00e0 plusieurs reprises<\/strong> les jours pr\u00e9c\u00e9dents en exhibant son sexe.<\/p>\n<p class=\" wall-content\">Plac\u00e9 en garde \u00e0 vue, le quadrag\u00e9naire \u00e9tait d\u00e9j\u00e0 connu des services de police et <strong>condamn\u00e9 \u00e0 plusieurs reprises<\/strong>. Il a \u00e9t\u00e9 plac\u00e9 en d\u00e9tention provisoire avant sa comparution imm\u00e9diate vendredi 19 septembre.<\/p>\n<p class=\" wall-content\">Si les faits d\u2019exhibition sexuelle n\u2019ont pas \u00e9t\u00e9 retenus contre lui, l\u2019homme a \u00e9t\u00e9 <strong>condamn\u00e9 \u00e0 six mois de prison ferme<\/strong> pour les violences envers sa m\u00e8re.<\/p>\n<p class=\" wall-content\">Personnalisez votre actualit\u00e9 en ajoutant vos villes et m\u00e9dias en favori avec <a href=\"https:\/\/moncompte.actu.fr\" title=\"D\u00e9couvez Mon Actu\" rel=\"nofollow noopener\" data-trk=\"{&quot;cta&quot;:{&quot;action&quot;:&quot;https:\\\/\\\/moncompte.actu.fr&quot;,&quot;category&quot;:&quot;mon compte&quot;,&quot;from&quot;:&quot;article footer&quot;,&quot;name&quot;:&quot;Mon actu&quot;,&quot;type&quot;:&quot;cta&quot;}}\" target=\"_blank\">Mon Actu<\/a>.<\/p>\n","protected":false},"excerpt":{"rendered":"Par Paul-Emile Bouchy Publi\u00e9 le 24 sept. 2025 \u00e0 12h30 Dans la soir\u00e9e du lundi 15\u00a0septembre, la police&hellip;\n","protected":false},"author":2,"featured_media":413839,"comment_status":"","ping_status":"","sticky":false,"template":"","format":"standard","meta":{"footnotes":""},"categories":[9635],"tags":[1111,11,1777,674,118,1011,27,775,303,1702,12,1072,25,799],"class_list":{"0":"post-413838","1":"post","2":"type-post","3":"status-publish","4":"format-standard","5":"has-post-thumbnail","7":"category-nancy","8":"tag-actu","9":"tag-actualites","10":"tag-eu","11":"tag-europe","12":"tag-faits-divers","13":"tag-fr","14":"tag-france","15":"tag-grand-est","16":"tag-justice","17":"tag-nancy","18":"tag-news","19":"tag-police","20":"tag-republique-francaise","21":"tag-violences-sexuelles"},"share_on_mastodon":{"url":"https:\/\/pubeurope.com\/@fr\/115259025856842905","error":""},"_links":{"self":[{"href":"https:\/\/www.europesays.com\/fr\/wp-json\/wp\/v2\/posts\/413838","targetHints":{"allow":["GET"]}}],"collection":[{"href":"https:\/\/www.europesays.com\/fr\/wp-json\/wp\/v2\/posts"}],"about":[{"href":"https:\/\/www.europesays.com\/fr\/wp-json\/wp\/v2\/types\/post"}],"author":[{"embeddable":true,"href":"https:\/\/www.europesays.com\/fr\/wp-json\/wp\/v2\/users\/2"}],"replies":[{"embeddable":true,"href":"https:\/\/www.europesays.com\/fr\/wp-json\/wp\/v2\/comments?post=413838"}],"version-history":[{"count":0,"href":"https:\/\/www.europesays.com\/fr\/wp-json\/wp\/v2\/posts\/413838\/revisions"}],"wp:featuredmedia":[{"embeddable":true,"href":"https:\/\/www.europesays.com\/fr\/wp-json\/wp\/v2\/media\/413839"}],"wp:attachment":[{"href":"https:\/\/www.europesays.com\/fr\/wp-json\/wp\/v2\/media?parent=413838"}],"wp:term":[{"taxonomy":"category","embeddable":true,"href":"https:\/\/www.europesays.com\/fr\/wp-json\/wp\/v2\/categories?post=413838"},{"taxonomy":"post_tag","embeddable":true,"href":"https:\/\/www.europesays.com\/fr\/wp-json\/wp\/v2\/tags?post=413838"}],"curies":[{"name":"wp","href":"https:\/\/api.w.org\/{rel}","templated":true}]}}