{"id":413849,"date":"2025-09-24T11:31:10","date_gmt":"2025-09-24T11:31:10","guid":{"rendered":"https:\/\/www.europesays.com\/fr\/413849\/"},"modified":"2025-09-24T11:31:10","modified_gmt":"2025-09-24T11:31:10","slug":"pres-de-rouen-les-policiers-interpellent-deux-jours-de-suite-un-jeune-dealer-de-16-ans","status":"publish","type":"post","link":"https:\/\/www.europesays.com\/fr\/413849\/","title":{"rendered":"Pr\u00e8s de Rouen, les policiers interpellent deux jours de suite un jeune dealer de 16 ans"},"content":{"rendered":"<p>            Par<br \/>\n        <strong><br \/>\n            <a href=\"https:\/\/actu.fr\/auteur\/yann-rivallan\" title=\"Consulter tous les articles de Yann Rivallan\" target=\"_blank\" rel=\"noopener\">Yann Rivallan<\/a><br \/>\n        <\/strong><\/p>\n<p>        Publi\u00e9 le<\/p>\n<p>            24 sept. 2025 \u00e0 12h15        <\/p>\n<p>Les policiers n\u2019ont eu aucun mal \u00e0 le reconna\u00eetre\u2026 Mardi 23\u00a0septembre 2025, une patrouille de la Bac (Brigade anticriminalit\u00e9) a interpell\u00e9 <strong>un jeune dealer de 16\u00a0ans<\/strong> dans un quartier r\u00e9put\u00e9 pour son <strong>trafic de drogue<\/strong>, \u00e0 <a href=\"https:\/\/actu.fr\/normandie\/saint-etienne-du-rouvray_76575\" target=\"_blank\" rel=\"noopener\">Saint-\u00c9tienne-du-Rouvray (Seine-Maritime)<\/a>.<\/p>\n<p>\u00ab\u2009Un jeune homme qu\u2019ils ont interpell\u00e9 la veille\u2009\u00bb<\/p>\n<p class=\" wall-content\">Il est 11h25 quand les policiers, cach\u00e9s derri\u00e8re une haie, remarquent deux hommes suspects. L\u2019un d\u2019eux semble se pencher pour s\u2019adresser \u00e0 quelqu\u2019un.<\/p>\n<p class=\" wall-content\">Quand les agents s\u2019approchent, ils comprennent tout de suite \u00e0 qui ils ont affaire. \u00ab\u2009Ils voient un jeune homme, <strong>qu\u2019ils ont interpell\u00e9 la veille<\/strong>, assis sur une chaise de camping\u2009\u00bb, confie une source polici\u00e8re \u00e0 76actu.<\/p>\n<p class=\" wall-content\">En les voyant arriver, les trois personnes qui s\u2019adonnent vraisemblablement \u00e0 un trafic de stup\u00e9fiants, tentent de se d\u00e9barrasser d\u2019un sachet transparent. Les policiers vont constater plus tard qu\u2019il s\u2019agit de <strong>cannabis<\/strong>.<\/p>\n<p>Trois sachets de cannabis et du num\u00e9raire<\/p>\n<p class=\" wall-content\">Au total, les agents de la Bac retrouvent <strong>trois sachets de cannabis et des billets<\/strong>. Le dealer de 16\u00a0ans est imm\u00e9diatement interpell\u00e9. Il avait \u00e9t\u00e9 interpell\u00e9 la veille pour les m\u00eames raisons.<\/p>\n<p class=\" wall-content\">Il est donc conduit en garde \u00e0 vue, tandis que les deux autres personnes sont laiss\u00e9es libres.<\/p>\n<p>Suivez l\u2019actualit\u00e9 de Rouen <a href=\"https:\/\/www.whatsapp.com\/channel\/0029VaKfnf99hXF2ddApFB1D\" target=\"_blank\" rel=\"noopener\">sur notre cha\u00eene WhatsApp<\/a> et <a href=\"https:\/\/www.tiktok.com\/@76actu.fr?lang=fr\" target=\"_blank\" rel=\"noopener\">sur notre compte TikTok<\/a><\/p>\n<p class=\" wall-content\">Personnalisez votre actualit\u00e9 en ajoutant vos villes et m\u00e9dias en favori avec <a href=\"https:\/\/moncompte.actu.fr\" title=\"D\u00e9couvez Mon Actu\" rel=\"nofollow noopener\" data-trk=\"{&quot;cta&quot;:{&quot;action&quot;:&quot;https:\\\/\\\/moncompte.actu.fr&quot;,&quot;category&quot;:&quot;mon compte&quot;,&quot;from&quot;:&quot;article footer&quot;,&quot;name&quot;:&quot;Mon actu&quot;,&quot;type&quot;:&quot;cta&quot;}}\" target=\"_blank\">Mon Actu<\/a>.<\/p>\n<p>                    <script async src=\"\/\/www.tiktok.com\/embed.js\"><\/script><\/p>\n","protected":false},"excerpt":{"rendered":"Par Yann Rivallan Publi\u00e9 le 24 sept. 2025 \u00e0 12h15 Les policiers n\u2019ont eu aucun mal \u00e0 le&hellip;\n","protected":false},"author":2,"featured_media":413850,"comment_status":"","ping_status":"","sticky":false,"template":"","format":"standard","meta":{"footnotes":""},"categories":[9587],"tags":[1111,11,3675,1052,1777,674,118,1011,27,12,5161,1072,25,9590],"class_list":{"0":"post-413849","1":"post","2":"type-post","3":"status-publish","4":"format-standard","5":"has-post-thumbnail","7":"category-rouen","8":"tag-actu","9":"tag-actualites","10":"tag-cannabis","11":"tag-drogue","12":"tag-eu","13":"tag-europe","14":"tag-faits-divers","15":"tag-fr","16":"tag-france","17":"tag-news","18":"tag-normandie","19":"tag-police","20":"tag-republique-francaise","21":"tag-rouen"},"share_on_mastodon":{"url":"https:\/\/pubeurope.com\/@fr\/115259053432043849","error":""},"_links":{"self":[{"href":"https:\/\/www.europesays.com\/fr\/wp-json\/wp\/v2\/posts\/413849","targetHints":{"allow":["GET"]}}],"collection":[{"href":"https:\/\/www.europesays.com\/fr\/wp-json\/wp\/v2\/posts"}],"about":[{"href":"https:\/\/www.europesays.com\/fr\/wp-json\/wp\/v2\/types\/post"}],"author":[{"embeddable":true,"href":"https:\/\/www.europesays.com\/fr\/wp-json\/wp\/v2\/users\/2"}],"replies":[{"embeddable":true,"href":"https:\/\/www.europesays.com\/fr\/wp-json\/wp\/v2\/comments?post=413849"}],"version-history":[{"count":0,"href":"https:\/\/www.europesays.com\/fr\/wp-json\/wp\/v2\/posts\/413849\/revisions"}],"wp:featuredmedia":[{"embeddable":true,"href":"https:\/\/www.europesays.com\/fr\/wp-json\/wp\/v2\/media\/413850"}],"wp:attachment":[{"href":"https:\/\/www.europesays.com\/fr\/wp-json\/wp\/v2\/media?parent=413849"}],"wp:term":[{"taxonomy":"category","embeddable":true,"href":"https:\/\/www.europesays.com\/fr\/wp-json\/wp\/v2\/categories?post=413849"},{"taxonomy":"post_tag","embeddable":true,"href":"https:\/\/www.europesays.com\/fr\/wp-json\/wp\/v2\/tags?post=413849"}],"curies":[{"name":"wp","href":"https:\/\/api.w.org\/{rel}","templated":true}]}}