{"id":413857,"date":"2025-09-24T11:36:42","date_gmt":"2025-09-24T11:36:42","guid":{"rendered":"https:\/\/www.europesays.com\/fr\/413857\/"},"modified":"2025-09-24T11:36:42","modified_gmt":"2025-09-24T11:36:42","slug":"compter-les-moutons-par-drone-et-ia-sans-sendormir","status":"publish","type":"post","link":"https:\/\/www.europesays.com\/fr\/413857\/","title":{"rendered":"compter les moutons par drone et IA sans s\u2019endormir"},"content":{"rendered":"<p>            Par<br \/>\n        <strong><br \/>\n            <a href=\"https:\/\/actu.fr\/auteur\/redaction-terra\" title=\"Consulter tous les articles de R\u00e9daction Terra\" target=\"_blank\" rel=\"noopener\">R\u00e9daction Terra<\/a><br \/>\n        <\/strong><\/p>\n<p>        Publi\u00e9 le<\/p>\n<p>            24 sept. 2025 \u00e0 12h06        <\/p>\n<p data-end=\"465\"><b>Compter les moutons<\/b> n\u2019a rien d\u2019un exercice de d\u00e9tente pour les <b>\u00e9leveurs<\/b>. Avec des troupeaux d\u00e9passant souvent 150 animaux \u2013 80\u2009% des ovins sont aujourd\u2019hui \u00e9lev\u00e9s dans de tels lots \u2013 la t\u00e2che est chronophage et impr\u00e9cise. Pourtant, savoir s\u2019il en manque est essentiel, notamment dans certaines r\u00e9gions confront\u00e9es aux pr\u00e9dations.<\/p>\n<blockquote class=\"tiktok-embed\" cite=\"https:\/\/www.tiktok.com\/@institutelevage\/video\/7478258303273798935\" data-video-id=\"7478258303273798935\" data-embed-from=\"oembed\" style=\"max-width:605px; min-width:325px;\"><p>\n<a target=\"_blank\" title=\"@institutelevage\" href=\"https:\/\/www.tiktok.com\/@institutelevage?refer=embed\" rel=\"noopener\">@institutelevage<\/a> <\/p>\n<p>Compter les <a title=\"moutons\" target=\"_blank\" href=\"https:\/\/www.tiktok.com\/tag\/moutons?refer=embed\" rel=\"noopener\">#moutons<\/a> sans s\u2019endormir gr\u00e2ce \u00e0 l\u2019Intelligence Artificielle et au num\u00e9rique ? Pr\u00e9sentation du d\u00e9veloppement d\u2019une solution de comptage de moutons avec comme objectif une pr\u00e9cision de 100%, un outil adaptable \u00e0 diff\u00e9rentes conditions (plaines, parcours, estives) et facile d\u2019utilisation. <a title=\"intelligenceartificielle\" target=\"_blank\" href=\"https:\/\/www.tiktok.com\/tag\/intelligenceartificielle?refer=embed\" rel=\"noopener\">#intelligenceartificielle<\/a> <a title=\"ia\" target=\"_blank\" href=\"https:\/\/www.tiktok.com\/tag\/ia?refer=embed\" rel=\"noopener\">#IA<\/a> <a title=\"elevage\" target=\"_blank\" href=\"https:\/\/www.tiktok.com\/tag\/elevage?refer=embed\" rel=\"noopener\">#elevage<\/a> <\/p>\n<p> <a target=\"_blank\" title=\"\u266c son original - Institut de l&#039;\u00e9levage (Idele) - Institut de l&#039;\u00e9levage (Idele)\" href=\"https:\/\/www.tiktok.com\/music\/son-original-Institut-de-l&#039;%C3%A9levage-Idele-7478258528239553302?refer=embed\" rel=\"noopener\">\u266c son original \u2013 Institut de l\u2019\u00e9levage (Idele) \u2013 Institut de l\u2019\u00e9levage (Idele)<\/a> <\/p>\n<\/blockquote>\n<p data-end=\"656\" class=\" wall-content\">Les moutons sont bien \u00e9quip\u00e9s de boucles \u00e9lectroniques, mais leur lecture impose que chaque animal passe \u00e0 moins de 80\u00a0cm d\u2019un lecteur, un proc\u00e9d\u00e9 long et peu adapt\u00e9 aux grands troupeaux.<\/p>\n<p data-end=\"1095\" class=\" wall-content\">Pour simplifier ce suivi, l\u2019<b>Idele (institut de l\u2019\u00e9levage)<\/b> a mis au point un syst\u00e8me original\u2009: \u00e9tablir une ligne virtuelle entre deux champs, survol\u00e9e par un drone. Chaque mouton franchissant cette ligne est film\u00e9, puis identifi\u00e9 gr\u00e2ce \u00e0 un mod\u00e8le d\u2019intelligence artificielle sp\u00e9cialement entra\u00een\u00e9 \u00e0 d\u00e9tecter et suivre les animaux. L\u2019avantage\u2009? Le drone fonctionne de mani\u00e8re autonome, sans alimentation \u00e9lectrique directe, et l\u2019ensemble reste l\u00e9ger et mobile.<\/p>\n<p data-end=\"1434\" class=\" wall-content\">Des marges d\u2019am\u00e9lioration subsistent, notamment pour mieux distinguer les moutons fonc\u00e9s ou s\u2019adapter \u00e0 des contextes vari\u00e9s. Reste \u00e0 cr\u00e9er des synergies avec d\u2019autres acteurs et d\u00e9velopper un d\u00e9monstrateur.<\/p>\n<p class=\" wall-content\">Personnalisez votre actualit\u00e9 en ajoutant vos villes et m\u00e9dias en favori avec <a href=\"https:\/\/moncompte.actu.fr\" title=\"D\u00e9couvez Mon Actu\" rel=\"nofollow noopener\" data-trk=\"{&quot;cta&quot;:{&quot;action&quot;:&quot;https:\\\/\\\/moncompte.actu.fr&quot;,&quot;category&quot;:&quot;mon compte&quot;,&quot;from&quot;:&quot;article footer&quot;,&quot;name&quot;:&quot;Mon actu&quot;,&quot;type&quot;:&quot;cta&quot;}}\" target=\"_blank\">Mon Actu<\/a>.<\/p>\n<p>                    <script async src=\"\/\/www.tiktok.com\/embed.js\"><\/script><\/p>\n","protected":false},"excerpt":{"rendered":"Par R\u00e9daction Terra Publi\u00e9 le 24 sept. 2025 \u00e0 12h06 Compter les moutons n\u2019a rien d\u2019un exercice de&hellip;\n","protected":false},"author":2,"featured_media":413858,"comment_status":"","ping_status":"","sticky":false,"template":"","format":"standard","meta":{"footnotes":""},"categories":[2821],"tags":[1111,11,327,829,33,1777,674,1011,27,223,12,584,25,49243],"class_list":{"0":"post-413857","1":"post","2":"type-post","3":"status-publish","4":"format-standard","5":"has-post-thumbnail","7":"category-rennes","8":"tag-actu","9":"tag-actualites","10":"tag-agriculture","11":"tag-bretagne","12":"tag-economie","13":"tag-eu","14":"tag-europe","15":"tag-fr","16":"tag-france","17":"tag-intelligence-artificielle","18":"tag-news","19":"tag-rennes","20":"tag-republique-francaise","21":"tag-space-rennes"},"share_on_mastodon":{"url":"https:\/\/pubeurope.com\/@fr\/115259073067945956","error":""},"_links":{"self":[{"href":"https:\/\/www.europesays.com\/fr\/wp-json\/wp\/v2\/posts\/413857","targetHints":{"allow":["GET"]}}],"collection":[{"href":"https:\/\/www.europesays.com\/fr\/wp-json\/wp\/v2\/posts"}],"about":[{"href":"https:\/\/www.europesays.com\/fr\/wp-json\/wp\/v2\/types\/post"}],"author":[{"embeddable":true,"href":"https:\/\/www.europesays.com\/fr\/wp-json\/wp\/v2\/users\/2"}],"replies":[{"embeddable":true,"href":"https:\/\/www.europesays.com\/fr\/wp-json\/wp\/v2\/comments?post=413857"}],"version-history":[{"count":0,"href":"https:\/\/www.europesays.com\/fr\/wp-json\/wp\/v2\/posts\/413857\/revisions"}],"wp:featuredmedia":[{"embeddable":true,"href":"https:\/\/www.europesays.com\/fr\/wp-json\/wp\/v2\/media\/413858"}],"wp:attachment":[{"href":"https:\/\/www.europesays.com\/fr\/wp-json\/wp\/v2\/media?parent=413857"}],"wp:term":[{"taxonomy":"category","embeddable":true,"href":"https:\/\/www.europesays.com\/fr\/wp-json\/wp\/v2\/categories?post=413857"},{"taxonomy":"post_tag","embeddable":true,"href":"https:\/\/www.europesays.com\/fr\/wp-json\/wp\/v2\/tags?post=413857"}],"curies":[{"name":"wp","href":"https:\/\/api.w.org\/{rel}","templated":true}]}}