{"id":413859,"date":"2025-09-24T11:38:15","date_gmt":"2025-09-24T11:38:15","guid":{"rendered":"https:\/\/www.europesays.com\/fr\/413859\/"},"modified":"2025-09-24T11:38:15","modified_gmt":"2025-09-24T11:38:15","slug":"schiltigheim-apres-une-annee-catastrophique-les-chatssocies-organisent-leur-fete-annuelle","status":"publish","type":"post","link":"https:\/\/www.europesays.com\/fr\/413859\/","title":{"rendered":"Schiltigheim. Apr\u00e8s une ann\u00e9e \u00ab\u00a0catastrophique\u00a0\u00bb, les Chats\u2019soci\u00e9s organisent leur f\u00eate annuelle"},"content":{"rendered":"<p>Envie d\u2019accueillir une boule de poils en d\u00e9tresse\u00a0? De les caresser\u00a0? Ou de simplement soutenir une association qui r\u00e9cup\u00e8re et soigne des chats errants\u00a0? Il sera possible de faire toutes ces choses \u2013 et d\u2019autres encore \u2013 ce samedi 27\u00a0septembre au Brassin \u00e0 Schiltigheim, lors de la f\u00eate annuelle des <a href=\"https:\/\/www.dna.fr\/societe\/2024\/09\/24\/pour-leurs-dix-ans-les-chats-socies-appellent-a-l-aide\" target=\"_blank\" rel=\"noopener\">Chats\u2019soci\u00e9s<\/a>.<\/p>\n<p>Cette ann\u00e9e, pourtant, la pr\u00e9sidente Frauke Holtz dresse un bilan \u00ab\u00a0catastrophique\u00a0\u00bb. L\u2019association souffre ainsi de 8\u00a0000\u00a0euros de dons en moins en 2024 par rapport \u00e0 2023. Une chute notamment due \u00e0 la baisse du pouvoir d\u2019achat et des moyens financiers des m\u00e9nages.<\/p>\n<p>  Des pathologies de \u00ab\u00a0plus en plus graves\u00a0\u00bb<\/p>\n<p>En parall\u00e8le, <a href=\"https:\/\/www.dna.fr\/societe\/2025\/07\/17\/chiens-et-chats-peuvent-desormais-aussi-donner-leur-sang\" target=\"_blank\" rel=\"noopener\">les soins des chats<\/a> recueillis par l\u2019association grimpent en fl\u00e8che. Tandis que certains ont des \u00ab\u00a0pathologies de plus en plus graves\u00a0\u00bb. \u00ab\u00a0Nous avons actuellement quatre chatons avec des graves souffles au c\u0153ur ainsi qu\u2019un chaton qui est \u00e9pileptique\u00a0\u00bb, pr\u00e9cise la pr\u00e9sidente des Chats\u2019soci\u00e9s.<\/p>\n<p>Ces chats deviennent de fait \u00ab\u00a0inadoptables\u00a0\u00bb, regrette Frauke Holtz, \u00ab\u00a0car ils ne sont pas \u201cparfaits\u201d dans les yeux de beaucoup des gens\u00a0\u00bb. Or \u00ab\u00a0un chat non adopt\u00e9 bloque une place pour un autre chat\u00a0\u00bb.<\/p>\n<p>Autre enjeu\u00a0: l\u2019abandon toujours plus important des f\u00e9lins. Frauke Holtz y voit une cons\u00e9quence des distributions gratuites sur les r\u00e9seaux sociaux. \u00ab\u00a0Un chaton gratuit ne co\u00fbte rien\u00a0: pas de suivi de v\u00e9t\u00e9rinaire, pas de st\u00e9rilisation, pas d\u2019identification, et il peut \u00eatre s\u00e9par\u00e9 trop t\u00f4t de sa m\u00e8re, raille la pr\u00e9sidente. Et un beau jour, ces gens tombent des nues car il y a des comportements non d\u00e9sir\u00e9s, des maladies ou d\u2019autres probl\u00e8mes et ils veulent s\u2019en d\u00e9barrasser\u00a0!\u00a0\u00bb<\/p>\n<p>Ce contenu est bloqu\u00e9 car vous n&rsquo;avez pas accept\u00e9 les cookies et autres traceurs.<\/p>\n<p>En cliquant sur \u00ab J\u2019accepte \u00bb, les cookies et autres traceurs seront d\u00e9pos\u00e9s et vous pourrez visualiser les contenus  (<a href=\"\" class=\"consentModule_policy\" target=\"_blank\" title=\"Consulter la politique de protection des donn\u00e9es du fournisseur\">plus d&rsquo;informations<\/a>).<\/p>\n<p>En cliquant sur \u00ab J\u2019accepte tous les cookies \u00bb, vous autorisez des d\u00e9p\u00f4ts de cookies et autres traceurs pour le stockage de vos donn\u00e9es sur nos sites et applications \u00e0 des fins de personnalisation et de ciblage publicitaire.<\/p>\n<p class=\"consentModule_secondaryText\">Vous gardez la possibilit\u00e9 de retirer votre consentement \u00e0 tout moment en consultant notre <a href=\"https:\/\/www.dna.fr\/protection-des-donnees\" target=\"_blank\" title=\"Consulter notre politique de protection des donn\u00e9es\" rel=\"noopener\">politique de protection des donn\u00e9es<\/a>. <br \/>&#13;<br \/>\n            <a href=\"https:\/\/www.dna.fr\/societe\/2025\/09\/24\/javascript:Didomi.notice.show()\" class=\"consentModule_cmp\" target=\"_blank\" rel=\"noopener\">G\u00e9rer mes choix<\/a>&#13;\n        <\/p>\n<p>&#13;<br \/>\n                        J&rsquo;accepte&#13;<br \/>\n            J&rsquo;accepte tous les cookies&#13;\n        <\/p>\n<p>  Brocante, tombola et produits v\u00e9gans<\/p>\n<p>Pour renflouer ses caisses, l\u2019association mise sur ses confitures et la vente de ses calendriers pour l\u2019ann\u00e9e 2026, disponibles \u00e0 la vente lors de la f\u00eate. Une tombola est \u00e9galement organis\u00e9e avec un repas pour deux aux Haras, des maillots du <a href=\"https:\/\/www.dna.fr\/sport\/2025\/09\/21\/emegha-prolifique-devant-un-kop-mutique\" target=\"_blank\" rel=\"noopener\">Racing club de Strasbourg<\/a> ou encore des activit\u00e9s telles que de l\u2019accrobranche parmi les lots.<\/p>\n<p>Et, comme chaque ann\u00e9e, en plus de sa buvette, l\u2019association mettra en valeur des produits v\u00e9gans dont ses fameuses tartes flamb\u00e9es garanties sans produit d\u2019origine animale.<\/p>\n<p>Une cr\u00e9atrice de bijoux, Temps d\u2019un bijou ainsi que la cristallerie Vogt, ses gravures sur verre et sa taille sur cristal sont \u00e9galement convi\u00e9s \u00e0 exposer leurs \u0153uvres. \u00ab\u00a0\u00c9v\u00e9nement phare\u00a0\u00bb de la journ\u00e9e\u00a0: la pr\u00e9sence de trois studios de tatouages qui proposeront des flashs \u2013 des dessins pr\u00eats \u00e0 \u00eatre incorpor\u00e9s sur la peau. De quoi se laisser tenter par un f\u00e9lin, ou tout autre chose.<\/p>\n<p class=\"note\">F\u00eate annuelle des Chats\u2019soci\u00e9s, samedi 27\u00a0septembre de 10 \u00e0 18\u00a0h au Brassin, 38 rue de Vendenheim \u00e0 Schiltigheim. Entr\u00e9e libre. Restauration (v\u00e9gane) et buvette sur place.<\/p>\n","protected":false},"excerpt":{"rendered":"Envie d\u2019accueillir une boule de poils en d\u00e9tresse\u00a0? De les caresser\u00a0? Ou de simplement soutenir une association qui&hellip;\n","protected":false},"author":2,"featured_media":413860,"comment_status":"","ping_status":"","sticky":false,"template":"","format":"standard","meta":{"footnotes":""},"categories":[2820],"tags":[1111,11,2389,1867,2649,2880,1777,674,107,1011,27,775,12,25,5512,104,640,3265],"class_list":{"0":"post-413859","1":"post","2":"type-post","3":"status-publish","4":"format-standard","5":"has-post-thumbnail","7":"category-strasbourg","8":"tag-actu","9":"tag-actualites","10":"tag-alsace","11":"tag-animaux","12":"tag-bas-rhin","13":"tag-edition-strasbourg","14":"tag-eu","15":"tag-europe","16":"tag-fil-info","17":"tag-fr","18":"tag-france","19":"tag-grand-est","20":"tag-news","21":"tag-republique-francaise","22":"tag-schiltigheim","23":"tag-societe","24":"tag-strasbourg","25":"tag-strasbourg-nord"},"share_on_mastodon":{"url":"https:\/\/pubeurope.com\/@fr\/115259080946382071","error":""},"_links":{"self":[{"href":"https:\/\/www.europesays.com\/fr\/wp-json\/wp\/v2\/posts\/413859","targetHints":{"allow":["GET"]}}],"collection":[{"href":"https:\/\/www.europesays.com\/fr\/wp-json\/wp\/v2\/posts"}],"about":[{"href":"https:\/\/www.europesays.com\/fr\/wp-json\/wp\/v2\/types\/post"}],"author":[{"embeddable":true,"href":"https:\/\/www.europesays.com\/fr\/wp-json\/wp\/v2\/users\/2"}],"replies":[{"embeddable":true,"href":"https:\/\/www.europesays.com\/fr\/wp-json\/wp\/v2\/comments?post=413859"}],"version-history":[{"count":0,"href":"https:\/\/www.europesays.com\/fr\/wp-json\/wp\/v2\/posts\/413859\/revisions"}],"wp:featuredmedia":[{"embeddable":true,"href":"https:\/\/www.europesays.com\/fr\/wp-json\/wp\/v2\/media\/413860"}],"wp:attachment":[{"href":"https:\/\/www.europesays.com\/fr\/wp-json\/wp\/v2\/media?parent=413859"}],"wp:term":[{"taxonomy":"category","embeddable":true,"href":"https:\/\/www.europesays.com\/fr\/wp-json\/wp\/v2\/categories?post=413859"},{"taxonomy":"post_tag","embeddable":true,"href":"https:\/\/www.europesays.com\/fr\/wp-json\/wp\/v2\/tags?post=413859"}],"curies":[{"name":"wp","href":"https:\/\/api.w.org\/{rel}","templated":true}]}}