{"id":413880,"date":"2025-09-24T11:50:12","date_gmt":"2025-09-24T11:50:12","guid":{"rendered":"https:\/\/www.europesays.com\/fr\/413880\/"},"modified":"2025-09-24T11:50:12","modified_gmt":"2025-09-24T11:50:12","slug":"une-femme-victime-dun-avc-evacuee-par-lexterieur-depuis-le-9e-etage-dune-tour","status":"publish","type":"post","link":"https:\/\/www.europesays.com\/fr\/413880\/","title":{"rendered":"Une femme victime d\u2019un AVC \u00e9vacu\u00e9e par l\u2019ext\u00e9rieur depuis le 9e \u00e9tage d\u2019une tour"},"content":{"rendered":"<p>Les images feront frissonner les plus sensibles au vertige. Dimanche, dans une des quatre tours de la cit\u00e9 Bel-Ombre dans le 11e\u00a0arrondissement de <a href=\"https:\/\/www.20minutes.fr\/marseille\/\" class=\"c-link c-link--is-underlined\" target=\"_blank\" rel=\"noopener\">Marseille<\/a>, une femme victime d\u2019un <a href=\"https:\/\/www.20minutes.fr\/dossier\/avc\" class=\"c-link c-link--is-underlined\" target=\"_blank\" rel=\"noopener\">AVC<\/a> a d\u00fb \u00eatre \u00e9vacu\u00e9e par l\u2019ext\u00e9rieur depuis le 9e \u00e9tage, rapporte la radio <a href=\"https:\/\/www.francebleu.fr\/infos\/faits-divers-justice\/video-une-marseillaise-victime-d-un-avc-evacuee-par-l-exterieur-a-cause-d-ascenseurs-en-panne-4053324\" rel=\"nofollow noopener\" target=\"_blank\" class=\"c-link c-link--is-underlined\">Ici Provence<\/a>.<\/p>\n<\/p>\n<p>Une op\u00e9ration de secours confirm\u00e9e par les <a href=\"https:\/\/www.20minutes.fr\/dossier\/pompiers\" class=\"c-link c-link--is-underlined\" target=\"_blank\" rel=\"noopener\">marins-pompiers<\/a> \u00e0 20 Minutes qui pr\u00e9cisent les circonstances de ce sauvetage spectaculaire. En effet, l\u2019\u00e9vacuation par les airs de la patiente n\u2019est pas li\u00e9e \u00e0 la panne d\u2019ascenseur qui touche les huit appareils de la tour depuis quelques mois.<\/p>\n<p>Il s\u2019agit en fait d\u2019une proc\u00e9dure famili\u00e8re pour les marins-pompiers. En effet, selon les pathologies, les patients doivent \u00eatre transport\u00e9s \u00e0 plat sur une civi\u00e8re. La taille de cette derni\u00e8re, ainsi que la pr\u00e9sence autour de l\u2019\u00e9quipe m\u00e9dicale, est difficilement compatible avec les ascenseurs classiques, rappellent-ils.<\/p>\n<p>\u00ab\u00a0Secours en parois\u00a0\u00bb<\/p>\n<p>Lorsque ces derniers arrivent sur place, ils comprennent que la victime, atteinte de <a href=\"https:\/\/www.20minutes.fr\/dossier\/diabete\" class=\"c-link c-link--is-underlined\" target=\"_blank\" rel=\"noopener\">diab\u00e8te<\/a> et en surpoids, doit \u00eatre hospitalis\u00e9e au plus vite. Deux solutions s\u2019offrent alors aux sauveteurs\u00a0: passer par la cage d\u2019escalier ou par l\u2019ext\u00e9rieur de la tour. La premi\u00e8re option est rapidement \u00e9cart\u00e9e, en raison notamment du nombre d\u2019\u00e9tage. Quant \u00e0 la seconde, l\u2019utilisation d\u2019une \u00e9chelle est rendue impossible par la hauteur de la tour.<\/p>\n<p>C\u2019est alors qu\u2019intervient la section sp\u00e9cialis\u00e9e \u00ab\u00a0secours en milieu p\u00e9rilleux et montagne\u00a0\u00bb, qui d\u00e9cide de mettre en place un syst\u00e8me de cordage et de treuil pour permettre \u00e0 la patiente d\u2019\u00eatre \u00e9vacu\u00e9e puis m\u00e9dicalis\u00e9e. \u00ab\u00a0C\u2019est ce qu\u2019on appelle le secours en parois, soulignent les marins-pompiers de Marseille. D\u2019habitude, nous le r\u00e9alisons en milieu naturel, dans les <a href=\"https:\/\/www.20minutes.fr\/dossier\/calanques\" class=\"c-link c-link--is-underlined\" target=\"_blank\" rel=\"noopener\">calanques<\/a> par exemple, mais on peut aussi le faire en milieu urbain, nous y sommes form\u00e9s.\u00a0\u00bb<\/p>\n<p>La col\u00e8re des riverains<\/p>\n<p>Une op\u00e9ration n\u00e9anmoins traumatisante pour la famille de la patiente, rapporte Ici Provence. \u00ab\u00a0Je ne mens pas. Je n\u2019ai pas eu le culot de regarder. Heureusement, on a eu des super pompiers qui nous ont rassur\u00e9s. On a vu la mort\u00a0\u00bb, t\u00e9moigne Myriam, sa fille, aupr\u00e8s de la radio locale.<\/p>\n<p><a href=\"https:\/\/www.20minutes.fr\/marseille\/\" class=\"c-link c-btn c-btn--primary\" target=\"_blank\" rel=\"noopener\">Retrouvez ici tous nos articles sur Marseille<\/a><\/p>\n<p>Cette intervention a n\u00e9anmoins raviv\u00e9 la col\u00e8re des habitants de la cit\u00e9 Bel Ombre qui se sentent abandonn\u00e9s face \u00e0 l\u2019\u00e9tat de leurs b\u00e2timents, rapporte <a href=\"https:\/\/www.laprovence.com\/article\/societe\/3781953715945714\/a-bel-ombre-a-marseille-une-evacuation-et-des-questions\" rel=\"nofollow noopener\" target=\"_blank\" class=\"c-link c-link--is-underlined\">La Provence<\/a>. \u00ab\u00a0Depuis deux ans, un seul ascenseur fonctionne sur les huit de la r\u00e9sidence. Certaines personnes ne sortent plus. Nos anciens sont oblig\u00e9s de quitter leurs logements pour finir leurs jours en maison de retraite. Les m\u00e9decins, kin\u00e9s ou autre personnel m\u00e9dical ne peuvent pas assurer les rendez-vous\u2026\u00a0\u00bb, fustige Mohammed, un propri\u00e9taire, dans les colonnes du quotidien.<\/p>\n","protected":false},"excerpt":{"rendered":"Les images feront frissonner les plus sensibles au vertige. Dimanche, dans une des quatre tours de la cit\u00e9&hellip;\n","protected":false},"author":2,"featured_media":413881,"comment_status":"","ping_status":"","sticky":false,"template":"","format":"standard","meta":{"footnotes":""},"categories":[2814],"tags":[1111,11,23099,860,885,1777,674,1011,27,100,884,12,883,1311,882,1306,25,71],"class_list":{"0":"post-413880","1":"post","2":"type-post","3":"status-publish","4":"format-standard","5":"has-post-thumbnail","7":"category-marseille","8":"tag-actu","9":"tag-actualites","10":"tag-ascenseur","11":"tag-avc","12":"tag-bouches-du-rhone","13":"tag-eu","14":"tag-europe","15":"tag-fr","16":"tag-france","17":"tag-hopital","18":"tag-marseille","19":"tag-news","20":"tag-paca","21":"tag-pompiers","22":"tag-provence-alpes-cote-dazur","23":"tag-regions","24":"tag-republique-francaise","25":"tag-sante"},"share_on_mastodon":{"url":"https:\/\/pubeurope.com\/@fr\/115259128259236009","error":""},"_links":{"self":[{"href":"https:\/\/www.europesays.com\/fr\/wp-json\/wp\/v2\/posts\/413880","targetHints":{"allow":["GET"]}}],"collection":[{"href":"https:\/\/www.europesays.com\/fr\/wp-json\/wp\/v2\/posts"}],"about":[{"href":"https:\/\/www.europesays.com\/fr\/wp-json\/wp\/v2\/types\/post"}],"author":[{"embeddable":true,"href":"https:\/\/www.europesays.com\/fr\/wp-json\/wp\/v2\/users\/2"}],"replies":[{"embeddable":true,"href":"https:\/\/www.europesays.com\/fr\/wp-json\/wp\/v2\/comments?post=413880"}],"version-history":[{"count":0,"href":"https:\/\/www.europesays.com\/fr\/wp-json\/wp\/v2\/posts\/413880\/revisions"}],"wp:featuredmedia":[{"embeddable":true,"href":"https:\/\/www.europesays.com\/fr\/wp-json\/wp\/v2\/media\/413881"}],"wp:attachment":[{"href":"https:\/\/www.europesays.com\/fr\/wp-json\/wp\/v2\/media?parent=413880"}],"wp:term":[{"taxonomy":"category","embeddable":true,"href":"https:\/\/www.europesays.com\/fr\/wp-json\/wp\/v2\/categories?post=413880"},{"taxonomy":"post_tag","embeddable":true,"href":"https:\/\/www.europesays.com\/fr\/wp-json\/wp\/v2\/tags?post=413880"}],"curies":[{"name":"wp","href":"https:\/\/api.w.org\/{rel}","templated":true}]}}