{"id":413901,"date":"2025-09-24T12:01:12","date_gmt":"2025-09-24T12:01:12","guid":{"rendered":"https:\/\/www.europesays.com\/fr\/413901\/"},"modified":"2025-09-24T12:01:12","modified_gmt":"2025-09-24T12:01:12","slug":"en-direct-guerre-en-ukraine-zelensky-attendu-a-la-tribune-de-lonu-la-russie-dement-etre-un-tigre-de-papier-comme-laffirme-trump","status":"publish","type":"post","link":"https:\/\/www.europesays.com\/fr\/413901\/","title":{"rendered":"EN DIRECT &#8211; Guerre en Ukraine : Zelensky attendu \u00e0 la tribune de l\u2019ONU, la Russie d\u00e9ment \u00eatre un \u00abtigre de papier\u00bb comme l\u2019affirme Trump"},"content":{"rendered":"<p class=\"fig-paragraph\">Donald Trump, changeant de ton dans son approche du conflit en Ukraine,\u00a0<a href=\"https:\/\/video.lefigaro.fr\/figaro\/dapres-trump-lukraine-peut-regagner-lintegralite-de-son-territoire-face-a-la-russie-20250923\" data-fig-type=\"Video\" data-gtm-custom-categorie=\"navigation\" data-gtm-custom-action=\"crossclick\" data-gtm-custom-label=\"Contextuel\" data-gtm-event=\"customEventSPE\" data-fig-domain=\"LEFIGARO\" target=\"_blank\" rel=\"noopener\">a jug\u00e9 mardi que Kiev<\/a>\u00a0pourrait \u00abregagner son territoire dans sa forme originelle et peut-\u00eatre m\u00eame aller plus loin\u00bb face \u00e0 la Russie.<\/p>\n<p>    Le pr\u00e9sident am\u00e9ricain Donald Trump.<br \/>\n                Alexander Drago \/ REUTERS<\/p>\n<p class=\"fig-paragraph\">\u00abCela fait trois ans et demi que la Russie m\u00e8ne sans direction claire une guerre qu\u2019une Vraie Puissance Militaire aurait remport\u00e9e en moins d\u2019une semaine\u00bb, a \u00e9crit le pr\u00e9sident am\u00e9ricain sur son r\u00e9seau Truth Social, estimant que le pays de Vladimir Poutine \u00abressemblait beaucoup \u00e0 un tigre de papier\u00bb.<\/p>\n","protected":false},"excerpt":{"rendered":"Donald Trump, changeant de ton dans son approche du conflit en Ukraine,\u00a0a jug\u00e9 mardi que Kiev\u00a0pourrait \u00abregagner son&hellip;\n","protected":false},"author":2,"featured_media":413902,"comment_status":"","ping_status":"","sticky":false,"template":"","format":"standard","meta":{"footnotes":""},"categories":[1590],"tags":[259,11,260,1777,674,131,14,261,12,3521,262,220,134],"class_list":{"0":"post-413901","1":"post","2":"type-post","3":"status-publish","4":"format-standard","5":"has-post-thumbnail","7":"category-ukraine","8":"tag-actualite-internationale","9":"tag-actualites","10":"tag-affaires-etrangeres","11":"tag-eu","12":"tag-europe","13":"tag-guerre-en-ukraine","14":"tag-international","15":"tag-ministere-des-affaires-etrangeres","16":"tag-news","17":"tag-onu","18":"tag-politique-etrangere","19":"tag-ukraine","20":"tag-volodymyr-zelensky"},"share_on_mastodon":{"url":"https:\/\/pubeurope.com\/@fr\/115259171410817600","error":""},"_links":{"self":[{"href":"https:\/\/www.europesays.com\/fr\/wp-json\/wp\/v2\/posts\/413901","targetHints":{"allow":["GET"]}}],"collection":[{"href":"https:\/\/www.europesays.com\/fr\/wp-json\/wp\/v2\/posts"}],"about":[{"href":"https:\/\/www.europesays.com\/fr\/wp-json\/wp\/v2\/types\/post"}],"author":[{"embeddable":true,"href":"https:\/\/www.europesays.com\/fr\/wp-json\/wp\/v2\/users\/2"}],"replies":[{"embeddable":true,"href":"https:\/\/www.europesays.com\/fr\/wp-json\/wp\/v2\/comments?post=413901"}],"version-history":[{"count":0,"href":"https:\/\/www.europesays.com\/fr\/wp-json\/wp\/v2\/posts\/413901\/revisions"}],"wp:featuredmedia":[{"embeddable":true,"href":"https:\/\/www.europesays.com\/fr\/wp-json\/wp\/v2\/media\/413902"}],"wp:attachment":[{"href":"https:\/\/www.europesays.com\/fr\/wp-json\/wp\/v2\/media?parent=413901"}],"wp:term":[{"taxonomy":"category","embeddable":true,"href":"https:\/\/www.europesays.com\/fr\/wp-json\/wp\/v2\/categories?post=413901"},{"taxonomy":"post_tag","embeddable":true,"href":"https:\/\/www.europesays.com\/fr\/wp-json\/wp\/v2\/tags?post=413901"}],"curies":[{"name":"wp","href":"https:\/\/api.w.org\/{rel}","templated":true}]}}