{"id":413905,"date":"2025-09-24T12:03:10","date_gmt":"2025-09-24T12:03:10","guid":{"rendered":"https:\/\/www.europesays.com\/fr\/413905\/"},"modified":"2025-09-24T12:03:10","modified_gmt":"2025-09-24T12:03:10","slug":"des-elus-britanniques-fustigent-le-discours-farfelu-et-dement-de-trump-sur-la-capitale-et-son-maire-liberation","status":"publish","type":"post","link":"https:\/\/www.europesays.com\/fr\/413905\/","title":{"rendered":"des \u00e9lus britanniques fustigent le discours \u00abfarfelu\u00bb et \u00abd\u00e9ment\u00bb de Trump sur la capitale et son maire \u2013 Lib\u00e9ration"},"content":{"rendered":"<p class=\"sc-cPiKLX AiZTS text-element\"><a href=\"https:\/\/www.liberation.fr\/international\/europe\/a-londres-sadiq-khan-vers-un-troisieme-mandat-de-maire-historique-20240502_2W2TJBAM4BEVDFXEZ7JDHRUHTM\/\" target=\"_blank\" rel=\"noopener\" title=\"https:\/\/www.liberation.fr\/international\/europe\/a-londres-sadiq-khan-vers-un-troisieme-mandat-de-maire-historique-20240502_2W2TJBAM4BEVDFXEZ7JDHRUHTM\/\">Sadiq Khan<\/a> serait un \u00abterrible, terrible maire\u00bb de Londres, et la capitale voudrait \u00abpasser \u00e0 la charia\u00bb. Les propos de Donald Trump devant l\u2019ONU, mardi 23 septembre, ont scandalis\u00e9 les d\u00e9put\u00e9s travaillistes, qui se sont empress\u00e9s de d\u00e9noncer un message \u00abfarfelu\u00bb et \u00abd\u00e9ment\u00bb. \u00abQuelqu\u2019un devrait intervenir\u00bb, s\u2019est inqui\u00e9t\u00e9e une \u00e9lue \u00e0 la radio, quand une autre appelait le gouvernement \u00e0 mobiliser l\u2019Ambassadeur. Le cabinet de Sadiq Khan a qualifi\u00e9 les affirmations de l\u2019Am\u00e9ricain de \u00absectaires\u00bb, ajoutant que Londres est \u00abplus s\u00fbre que les grandes villes am\u00e9ricaines\u00bb, et qu\u2019ils se voient d\u2019ailleurs \u00abravis d\u2019accueillir un nombre record de citoyens am\u00e9ricains qui s\u2019installent ici\u00bb. <\/p>\n<p class=\"sc-cPiKLX AiZTS text-element\">Cette tirade de Trump emprunte aux th\u00e9ories complotistes en circulation depuis plusieurs ann\u00e9es sur les r\u00e9seaux sociaux. Sadiq Khan, premier maire musulman de Londres, est une cible r\u00e9guli\u00e8re des islamophobes et de campagnes de d\u00e9nigrement qui lui reprochent \u2013 \u00e0 tort \u2013 de vouloir imposer la charia dans trois arrondissements de la ville, d\u2019avoir bloqu\u00e9 l\u2019installation d\u2019une nouvelle statue d\u2019Elizabeth II par manq<\/p>\n","protected":false},"excerpt":{"rendered":"Sadiq Khan serait un \u00abterrible, terrible maire\u00bb de Londres, et la capitale voudrait \u00abpasser \u00e0 la charia\u00bb. Les&hellip;\n","protected":false},"author":2,"featured_media":413906,"comment_status":"","ping_status":"","sticky":false,"template":"","format":"standard","meta":{"footnotes":""},"categories":[1588],"tags":[11,75,73,1777,674,1076,12,3521,473,1853,1851,1850,1852],"class_list":{"0":"post-413905","1":"post","2":"type-post","3":"status-publish","4":"format-standard","5":"has-post-thumbnail","7":"category-royaume-uni","8":"tag-actualites","9":"tag-donald-trump","10":"tag-etats-unis","11":"tag-eu","12":"tag-europe","13":"tag-extreme-droite","14":"tag-news","15":"tag-onu","16":"tag-royaume-uni","17":"tag-royaume-uni-de-grande-bretagne-et-dirlande-du-nord","18":"tag-uk","19":"tag-united-kingdom","20":"tag-united-kingdom-of-great-britain-and-northern-ireland"},"share_on_mastodon":{"url":"https:\/\/pubeurope.com\/@fr\/115259179262970203","error":""},"_links":{"self":[{"href":"https:\/\/www.europesays.com\/fr\/wp-json\/wp\/v2\/posts\/413905","targetHints":{"allow":["GET"]}}],"collection":[{"href":"https:\/\/www.europesays.com\/fr\/wp-json\/wp\/v2\/posts"}],"about":[{"href":"https:\/\/www.europesays.com\/fr\/wp-json\/wp\/v2\/types\/post"}],"author":[{"embeddable":true,"href":"https:\/\/www.europesays.com\/fr\/wp-json\/wp\/v2\/users\/2"}],"replies":[{"embeddable":true,"href":"https:\/\/www.europesays.com\/fr\/wp-json\/wp\/v2\/comments?post=413905"}],"version-history":[{"count":0,"href":"https:\/\/www.europesays.com\/fr\/wp-json\/wp\/v2\/posts\/413905\/revisions"}],"wp:featuredmedia":[{"embeddable":true,"href":"https:\/\/www.europesays.com\/fr\/wp-json\/wp\/v2\/media\/413906"}],"wp:attachment":[{"href":"https:\/\/www.europesays.com\/fr\/wp-json\/wp\/v2\/media?parent=413905"}],"wp:term":[{"taxonomy":"category","embeddable":true,"href":"https:\/\/www.europesays.com\/fr\/wp-json\/wp\/v2\/categories?post=413905"},{"taxonomy":"post_tag","embeddable":true,"href":"https:\/\/www.europesays.com\/fr\/wp-json\/wp\/v2\/tags?post=413905"}],"curies":[{"name":"wp","href":"https:\/\/api.w.org\/{rel}","templated":true}]}}