{"id":413929,"date":"2025-09-24T12:19:14","date_gmt":"2025-09-24T12:19:14","guid":{"rendered":"https:\/\/www.europesays.com\/fr\/413929\/"},"modified":"2025-09-24T12:19:14","modified_gmt":"2025-09-24T12:19:14","slug":"courbis-a-une-grande-fierte-avec-dembele-tuchel-et-luis-enrique-ont-valide","status":"publish","type":"post","link":"https:\/\/www.europesays.com\/fr\/413929\/","title":{"rendered":"Courbis a une grande fiert\u00e9 avec Demb\u00e9l\u00e9, Tuchel et Luis Enrique ont valid\u00e9"},"content":{"rendered":"<p><strong>Rolland Courbis, qui \u00e9tait son coach \u00e0 Rennes quand il n\u2019avait que 18 ans, a \u00e9t\u00e9 invit\u00e9 \u00e0 revenir sur cette p\u00e9riode avec Ousmane Demb\u00e9l\u00e9, attaquant qui a dor\u00e9navant 28 ans et vient de remporter le Ballon d\u2019Or 2025 avec le Paris Saint-Germain et l\u2019Equipe de France. Il a alors soulign\u00e9 sa \u00ab\u00a0vision\u00a0\u00bb, plus tard confirm\u00e9e par les coachs Thomas Tuchel et Luis Enrique.<\/strong><\/p>\n<p>Courbis \u00ab\u00a0J\u2019ai la fiert\u00e9 d\u2019avoir \u00e9t\u00e9 le premier \u00e0 penser qu\u2019il pouvait jouer dans l\u2019axe\u00a0\u00bb<\/p>\n<blockquote>\n<p><strong>\u00ab\u00a0Une \u00e9vidence de le titulariser \u00e0 18 ans ?<\/strong><\/p>\n<\/blockquote>\n<blockquote>\n<p>Je n\u2019imagine pas un seul instant me priver d\u2019Ousmane. Il jouait d\u00e9j\u00e0 r\u00e9guli\u00e8rement avant que je prenne les commandes de l\u2019\u00e9quipe. Il avait tellement de qualit\u00e9s qu\u2019il n\u2019y avait pas de raison de s\u2019en passer.<\/p>\n<\/blockquote>\n<blockquote>\n<p>Dans un m\u00eame match, il \u00e9tait capable, dans un 4-2-3-1, de permuter, de jouer un peu \u00e0 droite, un peu \u00e0 gauche et dans l\u2019axe. Chaque entra\u00eeneur avec sa propre vision quand \u00e0 son utilisation d\u2019Ousmane. J\u2019avais la mienne, et je n\u2019ai pas eu compl\u00e8tement tort en l\u2019installant dans l\u2019axe.<\/p>\n<\/blockquote>\n<blockquote>\n<p><strong>Dans quelle mesure avez-vous chang\u00e9 sa carri\u00e8re et que lui avez-vous apport\u00e9 ?<\/strong><\/p>\n<\/blockquote>\n<blockquote>\n<p>J\u2019ai la fiert\u00e9 d\u2019avoir \u00e9t\u00e9 le premier \u00e0 penser qu\u2019il pouvait jouer dans l\u2019axe, en attaque. Je lui avais donn\u00e9 cette responsabilit\u00e9 car quand il \u00e9tait sur un c\u00f4t\u00e9 et qu\u2019il rentrait dans le c\u0153ur du jeu, il y avait trop de joueurs \u00e0 dribler. C\u2019\u00e9tait une question g\u00e9ographique et non arithm\u00e9tique.<\/p>\n<\/blockquote>\n<blockquote>\n<p>Quand il \u00e9tait parti au Borussia Dortmund, qui \u00e9tait entra\u00een\u00e9 par Tuchel, je lui ai dit \u2018Pense \u00e0 avoir une discussion en t\u00eate avec lui et \u00e0 lui faire entendre que tu peux jouer dans l\u2019axe\u2019. J\u2019avais revu Ousmane quelque temps plus tard, et il m\u2019avait dit que Tuchel \u00e9tait d\u2019accord. Cela m\u2019a fait \u00e9norm\u00e9ment plaisir.\u00a0\u00bb<\/p>\n<\/blockquote>\n<p>On peut comprendre cette fiert\u00e9 pour Courbis, qui a vu son id\u00e9e \u00eatre largement valid\u00e9e par deux coachs particuli\u00e8rement reconnus. Deux qui ont d\u2019ailleurs gagn\u00e9 la Ligue des Champions durant leur carri\u00e8re, qui n\u2019est pas termin\u00e9e. C\u2019est toujours agr\u00e9able de voir une telle d\u00e9cision s\u2019installer au plus haut niveau. C\u2019est m\u00eame en \u00e9tant principalement dans ce r\u00f4le que Demb\u00e9l\u00e9, souvent ailier dans sa carri\u00e8re, a remport\u00e9 la Ligue des Champions.<\/p>\n<p>Il ne faudrait pas exag\u00e9rer, cependant, l\u2019international fran\u00e7ais reste aussi un excellent ailier. Il a avant tout une grande polyvalence gr\u00e2ce \u00e0 ses qualit\u00e9s techniques, physiques et tactiques. Demb\u00e9l\u00e9 est un tr\u00e8s grand joueur de football, qui sait penser au collectif. Reste \u00e0 l\u2019installer au mieux dans l\u2019\u00e9quipe \u00e0 disposition.<\/p>\n<p>Dans son d\u00e9clic de la saison derni\u00e8re, il y a aussi le fait d\u2019avoir enfin \u00e9chapp\u00e9 aux blessures, d\u2019avoir gagn\u00e9 en confiance gr\u00e2ce \u00e0 la gestion du coach Luis Enrique, \u00e0 l\u2019\u00e9quipe autour et \u00e0 une \u00e9nergie qui s\u2019est install\u00e9e. Il a enfin r\u00e9ussi \u00e0 marquer des buts importants et tout s\u2019est encha\u00een\u00e9 ensuite. Mais on ne peut pas faire comme si tout \u00e9tait soudainement parfait dans l\u2019axe et qu\u2019il n\u2019avait pas \u00e9t\u00e9 encore tr\u00e8s bon sur le c\u00f4t\u00e9. D\u2019ailleurs, il occupe souvent les ailes au PSG. Il profite surtout pleinement de sa libert\u00e9.<\/p>\n<p>\t\t\t\t\t\t\t\t\t\t\t\t\t\t\t\t\t\t\t\t\t\t\t<img loading=\"lazy\" src=\"https:\/\/www.europesays.com\/fr\/wp-content\/uploads\/2025\/04\/ParisFans_Logo.png\" decoding=\"async\" class=\"lazyload\" width=\"240\" height=\"54\" data-eio-rwidth=\"240\" data-eio-rheight=\"54\"\/><\/p>\n","protected":false},"excerpt":{"rendered":"Rolland Courbis, qui \u00e9tait son coach \u00e0 Rennes quand il n\u2019avait que 18 ans, a \u00e9t\u00e9 invit\u00e9 \u00e0&hellip;\n","protected":false},"author":2,"featured_media":413930,"comment_status":"","ping_status":"","sticky":false,"template":"","format":"standard","meta":{"footnotes":""},"categories":[1410],"tags":[63,1011,27,2782,54443,60],"class_list":{"0":"post-413929","1":"post","2":"type-post","3":"status-publish","4":"format-standard","5":"has-post-thumbnail","7":"category-football","8":"tag-football","9":"tag-fr","10":"tag-france","11":"tag-ousmane-dembele","12":"tag-rolland-courbis","13":"tag-sports"},"share_on_mastodon":{"url":"https:\/\/pubeurope.com\/@fr\/115259242671116391","error":""},"_links":{"self":[{"href":"https:\/\/www.europesays.com\/fr\/wp-json\/wp\/v2\/posts\/413929","targetHints":{"allow":["GET"]}}],"collection":[{"href":"https:\/\/www.europesays.com\/fr\/wp-json\/wp\/v2\/posts"}],"about":[{"href":"https:\/\/www.europesays.com\/fr\/wp-json\/wp\/v2\/types\/post"}],"author":[{"embeddable":true,"href":"https:\/\/www.europesays.com\/fr\/wp-json\/wp\/v2\/users\/2"}],"replies":[{"embeddable":true,"href":"https:\/\/www.europesays.com\/fr\/wp-json\/wp\/v2\/comments?post=413929"}],"version-history":[{"count":0,"href":"https:\/\/www.europesays.com\/fr\/wp-json\/wp\/v2\/posts\/413929\/revisions"}],"wp:featuredmedia":[{"embeddable":true,"href":"https:\/\/www.europesays.com\/fr\/wp-json\/wp\/v2\/media\/413930"}],"wp:attachment":[{"href":"https:\/\/www.europesays.com\/fr\/wp-json\/wp\/v2\/media?parent=413929"}],"wp:term":[{"taxonomy":"category","embeddable":true,"href":"https:\/\/www.europesays.com\/fr\/wp-json\/wp\/v2\/categories?post=413929"},{"taxonomy":"post_tag","embeddable":true,"href":"https:\/\/www.europesays.com\/fr\/wp-json\/wp\/v2\/tags?post=413929"}],"curies":[{"name":"wp","href":"https:\/\/api.w.org\/{rel}","templated":true}]}}